{"id":10885,"date":"2025-04-02T18:44:21","date_gmt":"2025-04-02T16:44:21","guid":{"rendered":"https:\/\/projectes.xtec.cat\/cete\/?p=10885"},"modified":"2025-04-02T18:44:21","modified_gmt":"2025-04-02T16:44:21","slug":"job-shadowing-a-realmonte-sicilia-de-lequip-de-be-puntedu","status":"publish","type":"post","link":"https:\/\/projectes.xtec.cat\/cete\/general\/job-shadowing-a-realmonte-sicilia-de-lequip-de-be-puntedu\/","title":{"rendered":"Job shadowing a Realmonte, Sic\u00edlia de l&#8217;equip de BE Puntedu"},"content":{"rendered":"<div class=\"wp-block-columns is-layout-flex wp-container-core-columns-is-layout-1 wp-block-columns-is-layout-flex\">\n<div class=\"wp-block-column is-layout-flow wp-block-column-is-layout-flow\">\n<p><a href=\"https:\/\/projectes.xtec.cat\/cete\/wp-content\/uploads\/usu2644\/2025\/04\/Foto.jpg\"><img loading=\"lazy\" decoding=\"async\" class=\" wp-image-10886 alignleft\" src=\"https:\/\/projectes.xtec.cat\/cete\/wp-content\/uploads\/usu2644\/2025\/04\/Foto-1024x768.jpg\" alt=\"\" width=\"310\" height=\"232\" srcset=\"https:\/\/projectes.xtec.cat\/cete\/wp-content\/uploads\/usu2644\/2025\/04\/Foto-1024x768.jpg 1024w, https:\/\/projectes.xtec.cat\/cete\/wp-content\/uploads\/usu2644\/2025\/04\/Foto-300x225.jpg 300w, https:\/\/projectes.xtec.cat\/cete\/wp-content\/uploads\/usu2644\/2025\/04\/Foto-768x576.jpg 768w, https:\/\/projectes.xtec.cat\/cete\/wp-content\/uploads\/usu2644\/2025\/04\/Foto-1536x1152.jpg 1536w, https:\/\/projectes.xtec.cat\/cete\/wp-content\/uploads\/usu2644\/2025\/04\/Foto-200x150.jpg 200w, https:\/\/projectes.xtec.cat\/cete\/wp-content\/uploads\/usu2644\/2025\/04\/Foto.jpg 1600w\" sizes=\"auto, (max-width: 310px) 100vw, 310px\" \/><\/a>Aquesta setmana dos docents i una t\u00e8cnica docent visiten l\u2019I.C. Garibaldi a Realmonte, Sic\u00edlia (It\u00e0lia). \u00c9s el segon job shadowing del projecte 24 de l\u2019equip de biblioteques escolars\u00a0Puntedu,\u00a0erasmusbescat, de l\u2019Erasmus\u00a0CETE+. El programa planificat \u00e9s molt complet.<\/p>\n<p>El primer dia s\u2019han reunit per fer les presentacions i han pogut veure algunes activitats: dal cunto orale, alla lettura, al teatro dei pupi siciliani. La storia dei pupi siciliani\u00a0 spiegata dagli alunni. Incontro con i pi\u00f9 piccoli Letture animate a cura dei genitori.Lettura e musica a cura degli alunni di strumento musicale.<\/p>\n<p><span style=\"font-family: inherit; font-size: 1em;\">Centre escolar:<\/span><a style=\"font-family: inherit; font-size: 1em;\" href=\"https:\/\/eeb4.be\/\" target=\"_blank\" rel=\"noreferrer noopener\">\u00a0<\/a><a style=\"font-family: inherit; font-size: 1em;\" href=\"https:\/\/www.istitutogaribaldi.edu.it\/\" target=\"_blank\" rel=\"noreferrer noopener\">Istituto Comprensivo \u201cG. Garibaldi\u201d Realmonte\u00a0<\/a><span style=\"font-family: inherit; font-size: 1em;\">(Realmonte, Sic\u00edlia).<\/span><\/p>\n<\/div>\n<\/div>\n<div class=\"wp-block-columns is-layout-flex wp-container-core-columns-is-layout-2 wp-block-columns-is-layout-flex\">\n<div class=\"wp-block-column is-layout-flow wp-block-column-is-layout-flow\">\n<p>Escola Enric Farreny (Lleida), escola Font-r\u00fabia (Guardiola de Font-rub\u00ed) i t\u00e8cnica docent (Servei de Suports i Recursos Ling\u00fc\u00edstics, Departament d\u2019Educaci\u00f3 i Formaci\u00f3 Professional).<\/p>\n<p><a href=\"https:\/\/projectes.xtec.cat\/cete\/wp-content\/uploads\/usu2644\/2025\/04\/1743612095824.jpg\"><img loading=\"lazy\" decoding=\"async\" class=\"wp-image-10887 alignleft\" src=\"https:\/\/projectes.xtec.cat\/cete\/wp-content\/uploads\/usu2644\/2025\/04\/1743612095824-1024x768.jpg\" alt=\"\" width=\"310\" height=\"233\" srcset=\"https:\/\/projectes.xtec.cat\/cete\/wp-content\/uploads\/usu2644\/2025\/04\/1743612095824-1024x768.jpg 1024w, https:\/\/projectes.xtec.cat\/cete\/wp-content\/uploads\/usu2644\/2025\/04\/1743612095824-300x225.jpg 300w, https:\/\/projectes.xtec.cat\/cete\/wp-content\/uploads\/usu2644\/2025\/04\/1743612095824-768x576.jpg 768w, https:\/\/projectes.xtec.cat\/cete\/wp-content\/uploads\/usu2644\/2025\/04\/1743612095824-1536x1152.jpg 1536w, https:\/\/projectes.xtec.cat\/cete\/wp-content\/uploads\/usu2644\/2025\/04\/1743612095824-200x150.jpg 200w, https:\/\/projectes.xtec.cat\/cete\/wp-content\/uploads\/usu2644\/2025\/04\/1743612095824.jpg 1600w\" sizes=\"auto, (max-width: 310px) 100vw, 310px\" \/><\/a> <a href=\"https:\/\/projectes.xtec.cat\/cete\/wp-content\/uploads\/usu2644\/2025\/04\/1743612095849.jpg\"><img loading=\"lazy\" decoding=\"async\" class=\"wp-image-10888 alignleft\" src=\"https:\/\/projectes.xtec.cat\/cete\/wp-content\/uploads\/usu2644\/2025\/04\/1743612095849-1024x768.jpg\" alt=\"\" width=\"310\" height=\"233\" srcset=\"https:\/\/projectes.xtec.cat\/cete\/wp-content\/uploads\/usu2644\/2025\/04\/1743612095849-1024x768.jpg 1024w, https:\/\/projectes.xtec.cat\/cete\/wp-content\/uploads\/usu2644\/2025\/04\/1743612095849-300x225.jpg 300w, https:\/\/projectes.xtec.cat\/cete\/wp-content\/uploads\/usu2644\/2025\/04\/1743612095849-768x576.jpg 768w, https:\/\/projectes.xtec.cat\/cete\/wp-content\/uploads\/usu2644\/2025\/04\/1743612095849-1536x1152.jpg 1536w, https:\/\/projectes.xtec.cat\/cete\/wp-content\/uploads\/usu2644\/2025\/04\/1743612095849-200x150.jpg 200w, https:\/\/projectes.xtec.cat\/cete\/wp-content\/uploads\/usu2644\/2025\/04\/1743612095849.jpg 1600w\" sizes=\"auto, (max-width: 310px) 100vw, 310px\" \/><\/a><\/p>\n<\/div>\n<\/div>\n","protected":false},"excerpt":{"rendered":"<p><a href=\"https:\/\/projectes.xtec.cat\/cete\/wp-content\/uploads\/usu2644\/2025\/04\/Foto.jpg\"><\/a>Aquesta setmana dos docents i una t\u00e8cnica docent visiten l\u2019I.C. Garibaldi a Realmonte, Sic\u00edlia (It\u00e0lia). \u00c9s el segon job shadowing del projecte 24 de l\u2019equip de biblioteques escolars\u00a0Puntedu,\u00a0erasmusbescat, de l\u2019Erasmus\u00a0CETE+. El programa planificat \u00e9s molt complet.<br \/>\nEl primer dia s\u2019han reunit per fer les presentacions&hellip;  <a href=\"https:\/\/projectes.xtec.cat\/cete\/general\/job-shadowing-a-realmonte-sicilia-de-lequip-de-be-puntedu\/\" title=\"Read Job shadowing a Realmonte, Sic\u00edlia de l&#8217;equip de BE Puntedu\">Llegeix m\u00e9s\u00bb<\/a><\/p>\n","protected":false},"author":14,"featured_media":10886,"comment_status":"open","ping_status":"closed","sticky":false,"template":"","format":"standard","meta":{"_bbp_topic_count":0,"_bbp_reply_count":0,"_bbp_total_topic_count":0,"_bbp_total_reply_count":0,"_bbp_voice_count":0,"_bbp_anonymous_reply_count":0,"_bbp_topic_count_hidden":0,"_bbp_reply_count_hidden":0,"_bbp_forum_subforum_count":0,"footnotes":""},"categories":[1,29,297],"tags":[331,314],"class_list":["post-10885","post","type-post","status-publish","format-standard","has-post-thumbnail","hentry","category-general","category-portada","category-puntedu","tag-erasmusbescat","tag-cete"],"post_mailing_queue_ids":[],"_links":{"self":[{"href":"https:\/\/projectes.xtec.cat\/cete\/wp-json\/wp\/v2\/posts\/10885","targetHints":{"allow":["GET"]}}],"collection":[{"href":"https:\/\/projectes.xtec.cat\/cete\/wp-json\/wp\/v2\/posts"}],"about":[{"href":"https:\/\/projectes.xtec.cat\/cete\/wp-json\/wp\/v2\/types\/post"}],"author":[{"embeddable":true,"href":"https:\/\/projectes.xtec.cat\/cete\/wp-json\/wp\/v2\/users\/14"}],"replies":[{"embeddable":true,"href":"https:\/\/projectes.xtec.cat\/cete\/wp-json\/wp\/v2\/comments?post=10885"}],"version-history":[{"count":1,"href":"https:\/\/projectes.xtec.cat\/cete\/wp-json\/wp\/v2\/posts\/10885\/revisions"}],"predecessor-version":[{"id":10889,"href":"https:\/\/projectes.xtec.cat\/cete\/wp-json\/wp\/v2\/posts\/10885\/revisions\/10889"}],"wp:featuredmedia":[{"embeddable":true,"href":"https:\/\/projectes.xtec.cat\/cete\/wp-json\/wp\/v2\/media\/10886"}],"wp:attachment":[{"href":"https:\/\/projectes.xtec.cat\/cete\/wp-json\/wp\/v2\/media?parent=10885"}],"wp:term":[{"taxonomy":"category","embeddable":true,"href":"https:\/\/projectes.xtec.cat\/cete\/wp-json\/wp\/v2\/categories?post=10885"},{"taxonomy":"post_tag","embeddable":true,"href":"https:\/\/projectes.xtec.cat\/cete\/wp-json\/wp\/v2\/tags?post=10885"}],"curies":[{"name":"wp","href":"https:\/\/api.w.org\/{rel}","templated":true}]}}