{"id":10890,"date":"2025-04-17T14:32:03","date_gmt":"2025-04-17T12:32:03","guid":{"rendered":"https:\/\/projectes.xtec.cat\/cete\/?p=10890"},"modified":"2025-04-17T14:32:03","modified_gmt":"2025-04-17T12:32:03","slug":"inauguracio-de-la-biblioteca-de-lescola-sant-marti-cerdanyola-del-valles-de-lequip-be-puntedu","status":"publish","type":"post","link":"https:\/\/projectes.xtec.cat\/cete\/general\/inauguracio-de-la-biblioteca-de-lescola-sant-marti-cerdanyola-del-valles-de-lequip-be-puntedu\/","title":{"rendered":"Inauguraci\u00f3 de la biblioteca de l\u2019escola Sant Mart\u00ed (Cerdanyola del Vall\u00e8s) de l&#8217;equip BE Puntedu"},"content":{"rendered":"<p><a href=\"https:\/\/projectes.xtec.cat\/cete\/wp-content\/uploads\/usu2644\/2025\/04\/foto-1.png\"><img loading=\"lazy\" decoding=\"async\" class=\"wp-image-10891 alignleft\" src=\"https:\/\/projectes.xtec.cat\/cete\/wp-content\/uploads\/usu2644\/2025\/04\/foto-1.png\" alt=\"\" width=\"282\" height=\"353\" srcset=\"https:\/\/projectes.xtec.cat\/cete\/wp-content\/uploads\/usu2644\/2025\/04\/foto-1.png 518w, https:\/\/projectes.xtec.cat\/cete\/wp-content\/uploads\/usu2644\/2025\/04\/foto-1-240x300.png 240w\" sizes=\"auto, (max-width: 282px) 100vw, 282px\" \/><\/a>L\u2019<a href=\"https:\/\/agora.xtec.cat\/ceipsantmarti-cerdanyola\/\" target=\"_blank\" rel=\"noreferrer noopener\">escola Sant Mart\u00ed\u00a0<\/a>(Cerdanyola del Vall\u00e8s) ha transformat l\u2019espai que acull la biblioteca escolar. Des del projecte Erasmus\u00a0<a href=\"https:\/\/projectes.xtec.cat\/cete\/\" target=\"_blank\" rel=\"noreferrer noopener\">CETE+<\/a>, l\u2019equip BE Puntedu (erasmusbescat) del que en forma part, hem pogut viure aquest canvi, que ha anat d\u2019una idea inicial passant per enderrocar una paret fins a inaugurar la nova biblioteca escolar.<\/p>\n<p>Ens hi van convidar i vam veure com els infants tallaven la cinta per poder entrar, feien activitats i es delien per agafar un llibre i llegir. Es van preparar activitats per als alumnes i fins i tot es va convidar l\u2019alcalde.<\/p>\n<p>La coordinadora de la biblioteca escolar i del projecte Erasmus ha anat documentant el proc\u00e9s de transformaci\u00f3, que quedar\u00e0 enlla\u00e7at al pla d\u2019acci\u00f3 Erasmus.<\/p>\n<p>Estem segures que la biblioteca veur\u00e0 cr\u00e9ixer les seves lectores i lectors com tamb\u00e9 ho far\u00e0 l\u2019arbre de l\u2019entrada.<\/p>\n<p>\u00c9s un goig veure el resultat, moltes felicitats.<\/p>\n<p><a href=\"https:\/\/projectes.xtec.cat\/cete\/wp-content\/uploads\/usu2644\/2025\/04\/foto-2.png\"><img loading=\"lazy\" decoding=\"async\" class=\"alignnone size-full wp-image-10892\" src=\"https:\/\/projectes.xtec.cat\/cete\/wp-content\/uploads\/usu2644\/2025\/04\/foto-2.png\" alt=\"\" width=\"909\" height=\"665\" srcset=\"https:\/\/projectes.xtec.cat\/cete\/wp-content\/uploads\/usu2644\/2025\/04\/foto-2.png 909w, https:\/\/projectes.xtec.cat\/cete\/wp-content\/uploads\/usu2644\/2025\/04\/foto-2-300x219.png 300w, https:\/\/projectes.xtec.cat\/cete\/wp-content\/uploads\/usu2644\/2025\/04\/foto-2-768x562.png 768w\" sizes=\"auto, (max-width: 909px) 100vw, 909px\" \/><\/a><\/p>\n","protected":false},"excerpt":{"rendered":"<p><a href=\"https:\/\/projectes.xtec.cat\/cete\/wp-content\/uploads\/usu2644\/2025\/04\/foto-1.png\"><\/a>L\u2019<a href=\"https:\/\/agora.xtec.cat\/ceipsantmarti-cerdanyola\/\" target=\"_blank\" rel=\"noreferrer noopener\">escola Sant Mart\u00ed\u00a0<\/a>(Cerdanyola del Vall\u00e8s) ha transformat l\u2019espai que acull la biblioteca escolar. Des del projecte Erasmus\u00a0<a href=\"https:\/\/projectes.xtec.cat\/cete\/\" target=\"_blank\" rel=\"noreferrer noopener\">CETE+<\/a>, l\u2019equip BE Puntedu (erasmusbescat) del que en forma part, hem pogut viure aquest canvi, que ha anat d\u2019una idea&hellip;  <a href=\"https:\/\/projectes.xtec.cat\/cete\/general\/inauguracio-de-la-biblioteca-de-lescola-sant-marti-cerdanyola-del-valles-de-lequip-be-puntedu\/\" title=\"Read Inauguraci\u00f3 de la biblioteca de l\u2019escola Sant Mart\u00ed (Cerdanyola del Vall\u00e8s) de l&#8217;equip BE Puntedu\">Llegeix m\u00e9s\u00bb<\/a><\/p>\n","protected":false},"author":14,"featured_media":10891,"comment_status":"open","ping_status":"closed","sticky":false,"template":"","format":"standard","meta":{"_bbp_topic_count":0,"_bbp_reply_count":0,"_bbp_total_topic_count":0,"_bbp_total_reply_count":0,"_bbp_voice_count":0,"_bbp_anonymous_reply_count":0,"_bbp_topic_count_hidden":0,"_bbp_reply_count_hidden":0,"_bbp_forum_subforum_count":0,"footnotes":""},"categories":[343,1,29,297],"tags":[331,314],"class_list":["post-10890","post","type-post","status-publish","format-standard","has-post-thumbnail","hentry","category-cete23","category-general","category-portada","category-puntedu","tag-erasmusbescat","tag-cete"],"post_mailing_queue_ids":[],"_links":{"self":[{"href":"https:\/\/projectes.xtec.cat\/cete\/wp-json\/wp\/v2\/posts\/10890","targetHints":{"allow":["GET"]}}],"collection":[{"href":"https:\/\/projectes.xtec.cat\/cete\/wp-json\/wp\/v2\/posts"}],"about":[{"href":"https:\/\/projectes.xtec.cat\/cete\/wp-json\/wp\/v2\/types\/post"}],"author":[{"embeddable":true,"href":"https:\/\/projectes.xtec.cat\/cete\/wp-json\/wp\/v2\/users\/14"}],"replies":[{"embeddable":true,"href":"https:\/\/projectes.xtec.cat\/cete\/wp-json\/wp\/v2\/comments?post=10890"}],"version-history":[{"count":1,"href":"https:\/\/projectes.xtec.cat\/cete\/wp-json\/wp\/v2\/posts\/10890\/revisions"}],"predecessor-version":[{"id":10893,"href":"https:\/\/projectes.xtec.cat\/cete\/wp-json\/wp\/v2\/posts\/10890\/revisions\/10893"}],"wp:featuredmedia":[{"embeddable":true,"href":"https:\/\/projectes.xtec.cat\/cete\/wp-json\/wp\/v2\/media\/10891"}],"wp:attachment":[{"href":"https:\/\/projectes.xtec.cat\/cete\/wp-json\/wp\/v2\/media?parent=10890"}],"wp:term":[{"taxonomy":"category","embeddable":true,"href":"https:\/\/projectes.xtec.cat\/cete\/wp-json\/wp\/v2\/categories?post=10890"},{"taxonomy":"post_tag","embeddable":true,"href":"https:\/\/projectes.xtec.cat\/cete\/wp-json\/wp\/v2\/tags?post=10890"}],"curies":[{"name":"wp","href":"https:\/\/api.w.org\/{rel}","templated":true}]}}