{"id":10897,"date":"2025-04-29T12:25:26","date_gmt":"2025-04-29T10:25:26","guid":{"rendered":"https:\/\/projectes.xtec.cat\/cete\/?p=10897"},"modified":"2025-04-29T12:25:33","modified_gmt":"2025-04-29T10:25:33","slug":"celebrem-el-dia-deuropa-proposta-de-lequip-be-puntedu","status":"publish","type":"post","link":"https:\/\/projectes.xtec.cat\/cete\/general\/celebrem-el-dia-deuropa-proposta-de-lequip-be-puntedu\/","title":{"rendered":"Celebrem el Dia d&#8217;Europa (proposta de l&#8217;equip BE Puntedu)"},"content":{"rendered":"<p><a href=\"https:\/\/projectes.xtec.cat\/cete\/wp-content\/uploads\/usu2644\/2025\/04\/Lectures-que-arriben-dEuropa.png\"><img loading=\"lazy\" decoding=\"async\" class=\" wp-image-10898 alignleft\" src=\"https:\/\/projectes.xtec.cat\/cete\/wp-content\/uploads\/usu2644\/2025\/04\/Lectures-que-arriben-dEuropa.png\" alt=\"\" width=\"339\" height=\"192\" srcset=\"https:\/\/projectes.xtec.cat\/cete\/wp-content\/uploads\/usu2644\/2025\/04\/Lectures-que-arriben-dEuropa.png 827w, https:\/\/projectes.xtec.cat\/cete\/wp-content\/uploads\/usu2644\/2025\/04\/Lectures-que-arriben-dEuropa-300x170.png 300w, https:\/\/projectes.xtec.cat\/cete\/wp-content\/uploads\/usu2644\/2025\/04\/Lectures-que-arriben-dEuropa-768x435.png 768w\" sizes=\"auto, (max-width: 339px) 100vw, 339px\" \/><\/a>Per celebrar el\u00a0<strong>Dia d\u2019Europa<\/strong>\u00a0(9 de maig) us proposem que jugueu a aquest\u00a0<a href=\"https:\/\/view.genially.com\/67d6dde21bac69cfd1dca0d7\/interactive-content-lectures-que-arriben-deuropa\" target=\"_blank\" rel=\"noreferrer noopener\">joc fet amb Genially<\/a><strong>,\u00a0<\/strong>on trobareu algunes obres d\u2019autors europeus amb informaci\u00f3 del t\u00edtol original i refer\u00e8ncies al pa\u00eds i a l\u2019idioma. Per trobar la resposta correcta podeu posar en com\u00fa, pr\u00e8viament, quines pistes veieu i quines estrat\u00e8gies heu utilitzat.<\/p>\n<p>L\u2019equip BE Puntedu (erasmusbescat)\u00a0forma part del\u00a0projecte Erasmus<a href=\"https:\/\/projectes.xtec.cat\/cete\/\" target=\"_blank\" rel=\"noreferrer noopener\">\u00a0CETE+<\/a>\u00a0i visitem alguns centres educatius d\u2019Europa per con\u00e8ixer maneres d\u2019organitzar una biblioteca, activitats que fomentin la lectura i per intercanviar coneixements amb altres persones responsables de les biblioteques escolars.<\/p>\n<p>La creaci\u00f3 i difusi\u00f3 d\u2019aquest recurs dona resposta al pla d\u2019acci\u00f3 de l\u2019equip.<\/p>\n","protected":false},"excerpt":{"rendered":"<p><a href=\"https:\/\/projectes.xtec.cat\/cete\/wp-content\/uploads\/usu2644\/2025\/04\/Lectures-que-arriben-dEuropa.png\"><\/a>Per celebrar el\u00a0Dia d\u2019Europa\u00a0(9 de maig) us proposem que jugueu a aquest\u00a0<a href=\"https:\/\/view.genially.com\/67d6dde21bac69cfd1dca0d7\/interactive-content-lectures-que-arriben-deuropa\" target=\"_blank\" rel=\"noreferrer noopener\">joc fet amb Genially<\/a>,\u00a0on trobareu algunes obres d\u2019autors europeus amb informaci\u00f3 del t\u00edtol original i refer\u00e8ncies al pa\u00eds i a l\u2019idioma. Per trobar la resposta correcta podeu posar en&hellip;  <a href=\"https:\/\/projectes.xtec.cat\/cete\/general\/celebrem-el-dia-deuropa-proposta-de-lequip-be-puntedu\/\" title=\"Read Celebrem el Dia d&#8217;Europa (proposta de l&#8217;equip BE Puntedu)\">Llegeix m\u00e9s\u00bb<\/a><\/p>\n","protected":false},"author":14,"featured_media":10898,"comment_status":"open","ping_status":"closed","sticky":false,"template":"","format":"standard","meta":{"_bbp_topic_count":0,"_bbp_reply_count":0,"_bbp_total_topic_count":0,"_bbp_total_reply_count":0,"_bbp_voice_count":0,"_bbp_anonymous_reply_count":0,"_bbp_topic_count_hidden":0,"_bbp_reply_count_hidden":0,"_bbp_forum_subforum_count":0,"footnotes":""},"categories":[343,1,29,297],"tags":[331,314],"class_list":["post-10897","post","type-post","status-publish","format-standard","has-post-thumbnail","hentry","category-cete23","category-general","category-portada","category-puntedu","tag-erasmusbescat","tag-cete"],"post_mailing_queue_ids":[],"_links":{"self":[{"href":"https:\/\/projectes.xtec.cat\/cete\/wp-json\/wp\/v2\/posts\/10897","targetHints":{"allow":["GET"]}}],"collection":[{"href":"https:\/\/projectes.xtec.cat\/cete\/wp-json\/wp\/v2\/posts"}],"about":[{"href":"https:\/\/projectes.xtec.cat\/cete\/wp-json\/wp\/v2\/types\/post"}],"author":[{"embeddable":true,"href":"https:\/\/projectes.xtec.cat\/cete\/wp-json\/wp\/v2\/users\/14"}],"replies":[{"embeddable":true,"href":"https:\/\/projectes.xtec.cat\/cete\/wp-json\/wp\/v2\/comments?post=10897"}],"version-history":[{"count":1,"href":"https:\/\/projectes.xtec.cat\/cete\/wp-json\/wp\/v2\/posts\/10897\/revisions"}],"predecessor-version":[{"id":10899,"href":"https:\/\/projectes.xtec.cat\/cete\/wp-json\/wp\/v2\/posts\/10897\/revisions\/10899"}],"wp:featuredmedia":[{"embeddable":true,"href":"https:\/\/projectes.xtec.cat\/cete\/wp-json\/wp\/v2\/media\/10898"}],"wp:attachment":[{"href":"https:\/\/projectes.xtec.cat\/cete\/wp-json\/wp\/v2\/media?parent=10897"}],"wp:term":[{"taxonomy":"category","embeddable":true,"href":"https:\/\/projectes.xtec.cat\/cete\/wp-json\/wp\/v2\/categories?post=10897"},{"taxonomy":"post_tag","embeddable":true,"href":"https:\/\/projectes.xtec.cat\/cete\/wp-json\/wp\/v2\/tags?post=10897"}],"curies":[{"name":"wp","href":"https:\/\/api.w.org\/{rel}","templated":true}]}}