{"id":11026,"date":"2025-06-05T14:38:15","date_gmt":"2025-06-05T12:38:15","guid":{"rendered":"https:\/\/projectes.xtec.cat\/cete\/?p=11026"},"modified":"2025-06-05T14:38:30","modified_gmt":"2025-06-05T12:38:30","slug":"recorregut-dun-objectiu-de-lequip-be-puntedu","status":"publish","type":"post","link":"https:\/\/projectes.xtec.cat\/cete\/general\/recorregut-dun-objectiu-de-lequip-be-puntedu\/","title":{"rendered":"Recorregut d&#8217;un objectiu de l&#8217;equip BE PuntEdu"},"content":{"rendered":"<p><a href=\"https:\/\/drive.google.com\/file\/d\/1sPKLYd0IlMhslKqW32fLFstTMBEgoOvo\/view?usp=drive_link\" target=\"_blank\" rel=\"noopener\"><img loading=\"lazy\" decoding=\"async\" class=\" wp-image-11027 alignleft\" src=\"https:\/\/projectes.xtec.cat\/cete\/wp-content\/uploads\/usu2644\/2025\/06\/Imatge-recorregut-objectiu.png\" alt=\"\" width=\"410\" height=\"302\" srcset=\"https:\/\/projectes.xtec.cat\/cete\/wp-content\/uploads\/usu2644\/2025\/06\/Imatge-recorregut-objectiu.png 523w, https:\/\/projectes.xtec.cat\/cete\/wp-content\/uploads\/usu2644\/2025\/06\/Imatge-recorregut-objectiu-300x221.png 300w\" sizes=\"auto, (max-width: 410px) 100vw, 410px\" \/><\/a>Un dels objectius de l&#8217;equip BE PuntEdu \u00e9s el d&#8217;<span class=\"OYPEnA font-feature-liga-off font-feature-clig-off font-feature-calt-off text-decoration-none text-strikethrough-none\">Impulsar l&#8217;alfabetitzaci\u00f3 medi\u00e0tica i informacional (AMI), oferint estrat\u00e8gies d&#8217;\u00fas de la informaci\u00f3 i apropant-los eines i formaci\u00f3 per ser m\u00e9s competents en la cerca, tractament i comunicaci\u00f3 de la informaci\u00f3. <\/span><\/p>\n<p><span class=\"OYPEnA font-feature-liga-off font-feature-clig-off font-feature-calt-off text-decoration-none text-strikethrough-none\">En aquest <a href=\"https:\/\/drive.google.com\/file\/d\/1sPKLYd0IlMhslKqW32fLFstTMBEgoOvo\/view?usp=drive_link\" target=\"_blank\" rel=\"noopener\">enlla\u00e7<\/a> podeu veure el seguiment de l&#8217;objectiu des del projecte 21 que inclou les accions, les activitats i els materials creats per donar resposta a l&#8217;objectiu.<\/span><\/p>\n","protected":false},"excerpt":{"rendered":"<p><a href=\"https:\/\/drive.google.com\/file\/d\/1sPKLYd0IlMhslKqW32fLFstTMBEgoOvo\/view?usp=drive_link\" target=\"_blank\" rel=\"noopener\"><\/a>Un dels objectius de l&#8217;equip BE PuntEdu \u00e9s el d&#8217;Impulsar l&#8217;alfabetitzaci\u00f3 medi\u00e0tica i informacional (AMI), oferint estrat\u00e8gies d&#8217;\u00fas de la informaci\u00f3 i apropant-los eines i formaci\u00f3 per ser m\u00e9s competents en la cerca, tractament i comunicaci\u00f3 de la informaci\u00f3.<br \/>\nEn aquest <a&hellip;  <a href=\"https:\/\/projectes.xtec.cat\/cete\/general\/recorregut-dun-objectiu-de-lequip-be-puntedu\/\" title=\"Read Recorregut d&#8217;un objectiu de l&#8217;equip BE PuntEdu\">Llegeix m\u00e9s\u00bb<\/a><\/p>\n","protected":false},"author":14,"featured_media":11027,"comment_status":"open","ping_status":"open","sticky":false,"template":"","format":"standard","meta":{"_bbp_topic_count":0,"_bbp_reply_count":0,"_bbp_total_topic_count":0,"_bbp_total_reply_count":0,"_bbp_voice_count":0,"_bbp_anonymous_reply_count":0,"_bbp_topic_count_hidden":0,"_bbp_reply_count_hidden":0,"_bbp_forum_subforum_count":0,"footnotes":""},"categories":[341,345,343,1,29,297],"tags":[331,314],"class_list":["post-11026","post","type-post","status-publish","format-standard","has-post-thumbnail","hentry","category-cete-21","category-cete22","category-cete23","category-general","category-portada","category-puntedu","tag-erasmusbescat","tag-cete"],"post_mailing_queue_ids":[],"_links":{"self":[{"href":"https:\/\/projectes.xtec.cat\/cete\/wp-json\/wp\/v2\/posts\/11026","targetHints":{"allow":["GET"]}}],"collection":[{"href":"https:\/\/projectes.xtec.cat\/cete\/wp-json\/wp\/v2\/posts"}],"about":[{"href":"https:\/\/projectes.xtec.cat\/cete\/wp-json\/wp\/v2\/types\/post"}],"author":[{"embeddable":true,"href":"https:\/\/projectes.xtec.cat\/cete\/wp-json\/wp\/v2\/users\/14"}],"replies":[{"embeddable":true,"href":"https:\/\/projectes.xtec.cat\/cete\/wp-json\/wp\/v2\/comments?post=11026"}],"version-history":[{"count":3,"href":"https:\/\/projectes.xtec.cat\/cete\/wp-json\/wp\/v2\/posts\/11026\/revisions"}],"predecessor-version":[{"id":11030,"href":"https:\/\/projectes.xtec.cat\/cete\/wp-json\/wp\/v2\/posts\/11026\/revisions\/11030"}],"wp:featuredmedia":[{"embeddable":true,"href":"https:\/\/projectes.xtec.cat\/cete\/wp-json\/wp\/v2\/media\/11027"}],"wp:attachment":[{"href":"https:\/\/projectes.xtec.cat\/cete\/wp-json\/wp\/v2\/media?parent=11026"}],"wp:term":[{"taxonomy":"category","embeddable":true,"href":"https:\/\/projectes.xtec.cat\/cete\/wp-json\/wp\/v2\/categories?post=11026"},{"taxonomy":"post_tag","embeddable":true,"href":"https:\/\/projectes.xtec.cat\/cete\/wp-json\/wp\/v2\/tags?post=11026"}],"curies":[{"name":"wp","href":"https:\/\/api.w.org\/{rel}","templated":true}]}}