{"id":11068,"date":"2025-11-11T13:35:36","date_gmt":"2025-11-11T12:35:36","guid":{"rendered":"https:\/\/projectes.xtec.cat\/cete\/?p=11068"},"modified":"2025-11-11T13:35:36","modified_gmt":"2025-11-11T12:35:36","slug":"european-authors-day","status":"publish","type":"post","link":"https:\/\/projectes.xtec.cat\/cete\/general\/european-authors-day\/","title":{"rendered":"European Authors Day"},"content":{"rendered":"<p><a href=\"https:\/\/projectes.xtec.cat\/cete\/wp-content\/uploads\/usu2644\/2025\/11\/Dia-dels-Autors-Europeus-2025.png\"><img loading=\"lazy\" decoding=\"async\" class=\" wp-image-11069 alignleft\" src=\"https:\/\/projectes.xtec.cat\/cete\/wp-content\/uploads\/usu2644\/2025\/11\/Dia-dels-Autors-Europeus-2025.png\" alt=\"\" width=\"237\" height=\"190\" srcset=\"https:\/\/projectes.xtec.cat\/cete\/wp-content\/uploads\/usu2644\/2025\/11\/Dia-dels-Autors-Europeus-2025.png 768w, https:\/\/projectes.xtec.cat\/cete\/wp-content\/uploads\/usu2644\/2025\/11\/Dia-dels-Autors-Europeus-2025-300x240.png 300w\" sizes=\"auto, (max-width: 237px) 100vw, 237px\" \/><\/a>El\u00a0<a href=\"https:\/\/www.readforreal.com\/es\/el-sueno\/\" target=\"_blank\" rel=\"noreferrer noopener\">Dia dels Autors Europeus<\/a>\u00a0\u00e9s una iniciativa de la Comissi\u00f3 Europea que permet explorar la gran diversitat de la literatura europea i fomentar la compet\u00e8ncia lectora. Aquesta iniciativa permet participar en activitats com: con\u00e8ixer autors, compartir experi\u00e8ncies, etc.<\/p>\n<p>Us convidem, des de l&#8217;equip BEPuntEdu del programa de biblioteques escolars, a unir-vos a la campanya i organitzar activitats per celebrar aquest dia i con\u00e8ixer autors europeus.<\/p>\n<p>Proposta per celebrar el Dia dels Autors Europeus per als centres educatius:\u00a0<a href=\"https:\/\/drive.google.com\/file\/d\/1BJXfOXnTwrIqXBnQ4UYUpPGzSPxFz97Z\/view?usp=sharing\" target=\"_blank\" rel=\"noreferrer noopener\">Un viatge c\u00f2mic per Europa<\/a><\/p>\n<p><a href=\"https:\/\/projectes.xtec.cat\/cete\/wp-content\/uploads\/usu2644\/2025\/11\/cartell.jpg\"><img loading=\"lazy\" decoding=\"async\" class=\"alignnone  wp-image-11070\" src=\"https:\/\/projectes.xtec.cat\/cete\/wp-content\/uploads\/usu2644\/2025\/11\/cartell-819x1024.jpg\" alt=\"\" width=\"286\" height=\"358\" srcset=\"https:\/\/projectes.xtec.cat\/cete\/wp-content\/uploads\/usu2644\/2025\/11\/cartell-819x1024.jpg 819w, https:\/\/projectes.xtec.cat\/cete\/wp-content\/uploads\/usu2644\/2025\/11\/cartell-240x300.jpg 240w, https:\/\/projectes.xtec.cat\/cete\/wp-content\/uploads\/usu2644\/2025\/11\/cartell-768x960.jpg 768w, https:\/\/projectes.xtec.cat\/cete\/wp-content\/uploads\/usu2644\/2025\/11\/cartell.jpg 1080w\" sizes=\"auto, (max-width: 286px) 100vw, 286px\" \/><\/a> <a href=\"https:\/\/projectes.xtec.cat\/cete\/wp-content\/uploads\/usu2644\/2025\/11\/forschools_class.png\"><img loading=\"lazy\" decoding=\"async\" class=\"alignnone  wp-image-11071\" src=\"https:\/\/projectes.xtec.cat\/cete\/wp-content\/uploads\/usu2644\/2025\/11\/forschools_class-1024x1024.png\" alt=\"\" width=\"355\" height=\"355\" srcset=\"https:\/\/projectes.xtec.cat\/cete\/wp-content\/uploads\/usu2644\/2025\/11\/forschools_class-1024x1024.png 1024w, https:\/\/projectes.xtec.cat\/cete\/wp-content\/uploads\/usu2644\/2025\/11\/forschools_class-300x300.png 300w, https:\/\/projectes.xtec.cat\/cete\/wp-content\/uploads\/usu2644\/2025\/11\/forschools_class-150x150.png 150w, https:\/\/projectes.xtec.cat\/cete\/wp-content\/uploads\/usu2644\/2025\/11\/forschools_class-768x768.png 768w, https:\/\/projectes.xtec.cat\/cete\/wp-content\/uploads\/usu2644\/2025\/11\/forschools_class.png 1500w\" sizes=\"auto, (max-width: 355px) 100vw, 355px\" \/><\/a><\/p>\n","protected":false},"excerpt":{"rendered":"<p><a href=\"https:\/\/projectes.xtec.cat\/cete\/wp-content\/uploads\/usu2644\/2025\/11\/Dia-dels-Autors-Europeus-2025.png\"><\/a>El\u00a0<a href=\"https:\/\/www.readforreal.com\/es\/el-sueno\/\" target=\"_blank\" rel=\"noreferrer noopener\">Dia dels Autors Europeus<\/a>\u00a0\u00e9s una iniciativa de la Comissi\u00f3 Europea que permet explorar la gran diversitat de la literatura europea i fomentar la compet\u00e8ncia lectora. Aquesta iniciativa permet participar en activitats com: con\u00e8ixer autors, compartir experi\u00e8ncies, etc.<br \/>\nUs convidem, des de&hellip;  <a href=\"https:\/\/projectes.xtec.cat\/cete\/general\/european-authors-day\/\" title=\"Read European Authors Day\">Llegeix m\u00e9s\u00bb<\/a><\/p>\n","protected":false},"author":14,"featured_media":11069,"comment_status":"open","ping_status":"open","sticky":false,"template":"","format":"standard","meta":{"_bbp_topic_count":0,"_bbp_reply_count":0,"_bbp_total_topic_count":0,"_bbp_total_reply_count":0,"_bbp_voice_count":0,"_bbp_anonymous_reply_count":0,"_bbp_topic_count_hidden":0,"_bbp_reply_count_hidden":0,"_bbp_forum_subforum_count":0,"footnotes":""},"categories":[1,29,297],"tags":[331,314,351,346],"class_list":["post-11068","post","type-post","status-publish","format-standard","has-post-thumbnail","hentry","category-general","category-portada","category-puntedu","tag-erasmusbescat","tag-cete","tag-readforreal","tag-readwitheurope"],"post_mailing_queue_ids":[],"_links":{"self":[{"href":"https:\/\/projectes.xtec.cat\/cete\/wp-json\/wp\/v2\/posts\/11068","targetHints":{"allow":["GET"]}}],"collection":[{"href":"https:\/\/projectes.xtec.cat\/cete\/wp-json\/wp\/v2\/posts"}],"about":[{"href":"https:\/\/projectes.xtec.cat\/cete\/wp-json\/wp\/v2\/types\/post"}],"author":[{"embeddable":true,"href":"https:\/\/projectes.xtec.cat\/cete\/wp-json\/wp\/v2\/users\/14"}],"replies":[{"embeddable":true,"href":"https:\/\/projectes.xtec.cat\/cete\/wp-json\/wp\/v2\/comments?post=11068"}],"version-history":[{"count":1,"href":"https:\/\/projectes.xtec.cat\/cete\/wp-json\/wp\/v2\/posts\/11068\/revisions"}],"predecessor-version":[{"id":11072,"href":"https:\/\/projectes.xtec.cat\/cete\/wp-json\/wp\/v2\/posts\/11068\/revisions\/11072"}],"wp:featuredmedia":[{"embeddable":true,"href":"https:\/\/projectes.xtec.cat\/cete\/wp-json\/wp\/v2\/media\/11069"}],"wp:attachment":[{"href":"https:\/\/projectes.xtec.cat\/cete\/wp-json\/wp\/v2\/media?parent=11068"}],"wp:term":[{"taxonomy":"category","embeddable":true,"href":"https:\/\/projectes.xtec.cat\/cete\/wp-json\/wp\/v2\/categories?post=11068"},{"taxonomy":"post_tag","embeddable":true,"href":"https:\/\/projectes.xtec.cat\/cete\/wp-json\/wp\/v2\/tags?post=11068"}],"curies":[{"name":"wp","href":"https:\/\/api.w.org\/{rel}","templated":true}]}}