{"id":11091,"date":"2026-04-10T09:07:16","date_gmt":"2026-04-10T07:07:16","guid":{"rendered":"https:\/\/projectes.xtec.cat\/cete\/?p=11091"},"modified":"2026-04-10T09:10:52","modified_gmt":"2026-04-10T07:10:52","slug":"transferencia-de-la-mobilitat-job-shadowing-a-coimbra-portugal-de-lequip-mcei-del-cete-p-24","status":"publish","type":"post","link":"https:\/\/projectes.xtec.cat\/cete\/portada\/transferencia-de-la-mobilitat-job-shadowing-a-coimbra-portugal-de-lequip-mcei-del-cete-p-24\/","title":{"rendered":"Transfer\u00e8ncia de la mobilitat Job Shadowing a Coimbra (Portugal) de l\u2019equip MCEI del CETE+ P 24"},"content":{"rendered":"<p>Un cop finalitzada la mobilitat i amb moltes experi\u00e8ncies viscudes hem fet un primer trasp\u00e0s informatiu de la mobilitat realitzada a del 16 al 20 de mar\u00e7 de 2026 a l\u2019Arupament Martim de Freitas\u00a0 a Coimbra, Portugal amb els dos equips de la Direcci\u00f3 general d\u2019educaci\u00f3 inclusiva i benestar de l\u2019alumnat.<\/p>\n<p>Hem compartit la possibilitat d\u2019haver pogut participar en la mobilitat del P 24 i ser acollides per con\u00e8ixer de primera m\u00e0 les pr\u00e0ctiques i els enfocaments inclusius que estan sent implementats per garantir que tots els estudiants, independentment de les seves habilitats o necessitats, tinguin acc\u00e9s a una educaci\u00f3 de qualitat, inclusiva i equitativa. Des de programes de suport individualitzats fins a iniciatives de sensibilitzaci\u00f3 a tota la comunitat escolar, hem estat testimoni del comprom\u00eds genu\u00ed dels educadors portuguesos amb la inclusi\u00f3 i la diversitat.<\/p>\n<p>Hem destacat la c\u00e0lida acollida, la planificaci\u00f3 sistem\u00e0tica que t\u00e9 un gran impacte en els resultats, la personalitzaci\u00f3 dels aprenentatges, la documentaci\u00f3 per donar una resposta ajustada a l\u2019alumnat, els equips professionals, diverses metodologies que ens han sorpr\u00e8s pels bons resultat, la import\u00e0ncia i sistematitzaci\u00f3 de l\u2019aprenentatge de la lectura i l\u2019escriptura, del treball acurat de comprensi\u00f3, i l\u2019ambient calmat i l\u2019ordre caracter\u00edstic que impera amb una actitud de confian\u00e7a, responsabilitat i respecte.<\/p>\n<p><a href=\"https:\/\/projectes.xtec.cat\/cete\/wp-content\/uploads\/usu2644\/2026\/04\/Imagen1.jpg\"><img loading=\"lazy\" decoding=\"async\" class=\"size-full wp-image-11092 aligncenter\" src=\"https:\/\/projectes.xtec.cat\/cete\/wp-content\/uploads\/usu2644\/2026\/04\/Imagen1.jpg\" alt=\"Transfer\u00e8ncia a l'equip\" width=\"463\" height=\"347\" srcset=\"https:\/\/projectes.xtec.cat\/cete\/wp-content\/uploads\/usu2644\/2026\/04\/Imagen1.jpg 463w, https:\/\/projectes.xtec.cat\/cete\/wp-content\/uploads\/usu2644\/2026\/04\/Imagen1-300x225.jpg 300w, https:\/\/projectes.xtec.cat\/cete\/wp-content\/uploads\/usu2644\/2026\/04\/Imagen1-200x150.jpg 200w\" sizes=\"auto, (max-width: 463px) 100vw, 463px\" \/><\/a><\/p>\n","protected":false},"excerpt":{"rendered":"<p>Un cop finalitzada la mobilitat i amb moltes experi\u00e8ncies viscudes hem fet un primer trasp\u00e0s informatiu de la mobilitat realitzada a del 16 al 20 de mar\u00e7 de 2026 a l\u2019Arupament Martim de Freitas\u00a0 a Coimbra, Portugal amb els dos equips de la Direcci\u00f3 general&hellip;  <a href=\"https:\/\/projectes.xtec.cat\/cete\/portada\/transferencia-de-la-mobilitat-job-shadowing-a-coimbra-portugal-de-lequip-mcei-del-cete-p-24\/\" title=\"Read Transfer\u00e8ncia de la mobilitat Job Shadowing a Coimbra (Portugal) de l\u2019equip MCEI del CETE+ P 24\">Llegeix m\u00e9s\u00bb<\/a><\/p>\n","protected":false},"author":17,"featured_media":11092,"comment_status":"open","ping_status":"open","sticky":false,"template":"","format":"standard","meta":{"_bbp_topic_count":0,"_bbp_reply_count":0,"_bbp_total_topic_count":0,"_bbp_total_reply_count":0,"_bbp_voice_count":0,"_bbp_anonymous_reply_count":0,"_bbp_topic_count_hidden":0,"_bbp_reply_count_hidden":0,"_bbp_forum_subforum_count":0,"footnotes":""},"categories":[299,29],"tags":[],"class_list":["post-11091","post","type-post","status-publish","format-standard","has-post-thumbnail","hentry","category-mcei","category-portada"],"post_mailing_queue_ids":[],"_links":{"self":[{"href":"https:\/\/projectes.xtec.cat\/cete\/wp-json\/wp\/v2\/posts\/11091","targetHints":{"allow":["GET"]}}],"collection":[{"href":"https:\/\/projectes.xtec.cat\/cete\/wp-json\/wp\/v2\/posts"}],"about":[{"href":"https:\/\/projectes.xtec.cat\/cete\/wp-json\/wp\/v2\/types\/post"}],"author":[{"embeddable":true,"href":"https:\/\/projectes.xtec.cat\/cete\/wp-json\/wp\/v2\/users\/17"}],"replies":[{"embeddable":true,"href":"https:\/\/projectes.xtec.cat\/cete\/wp-json\/wp\/v2\/comments?post=11091"}],"version-history":[{"count":1,"href":"https:\/\/projectes.xtec.cat\/cete\/wp-json\/wp\/v2\/posts\/11091\/revisions"}],"predecessor-version":[{"id":11093,"href":"https:\/\/projectes.xtec.cat\/cete\/wp-json\/wp\/v2\/posts\/11091\/revisions\/11093"}],"wp:featuredmedia":[{"embeddable":true,"href":"https:\/\/projectes.xtec.cat\/cete\/wp-json\/wp\/v2\/media\/11092"}],"wp:attachment":[{"href":"https:\/\/projectes.xtec.cat\/cete\/wp-json\/wp\/v2\/media?parent=11091"}],"wp:term":[{"taxonomy":"category","embeddable":true,"href":"https:\/\/projectes.xtec.cat\/cete\/wp-json\/wp\/v2\/categories?post=11091"},{"taxonomy":"post_tag","embeddable":true,"href":"https:\/\/projectes.xtec.cat\/cete\/wp-json\/wp\/v2\/tags?post=11091"}],"curies":[{"name":"wp","href":"https:\/\/api.w.org\/{rel}","templated":true}]}}