{"id":9381,"date":"2022-09-27T08:16:35","date_gmt":"2022-09-27T06:16:35","guid":{"rendered":"https:\/\/projectes.xtec.cat\/cete\/?p=9381"},"modified":"2022-09-27T08:16:35","modified_gmt":"2022-09-27T06:16:35","slug":"el-microconsorci-esam-tilc-comenca-la-mobilitat-a-linz-austria","status":"publish","type":"post","link":"https:\/\/projectes.xtec.cat\/cete\/esam\/el-microconsorci-esam-tilc-comenca-la-mobilitat-a-linz-austria\/","title":{"rendered":"El Microconsorci ESAM-TILC comen\u00e7a la mobilitat a Linz (\u00c0ustria)"},"content":{"rendered":"<p><a href=\"https:\/\/projectes.xtec.cat\/cete\/wp-content\/uploads\/usu2644\/2022\/09\/Mobilitats-programades.png\"><img loading=\"lazy\" decoding=\"async\" class=\"size-full wp-image-9382 alignleft\" src=\"https:\/\/projectes.xtec.cat\/cete\/wp-content\/uploads\/usu2644\/2022\/09\/Mobilitats-programades.png\" alt=\"\" width=\"450\" height=\"200\" srcset=\"https:\/\/projectes.xtec.cat\/cete\/wp-content\/uploads\/usu2644\/2022\/09\/Mobilitats-programades.png 450w, https:\/\/projectes.xtec.cat\/cete\/wp-content\/uploads\/usu2644\/2022\/09\/Mobilitats-programades-300x133.png 300w\" sizes=\"auto, (max-width: 450px) 100vw, 450px\" \/><\/a>Dins el MC ESAM-TILC, un equip de quatre persones ens hem despla\u00e7at a Linz (\u00c0ustria). Som la Dolors Aumatell, de FEDAC Vic, la S\u00edlvia Fontanet, de l&#8217;IE Coves d&#8217;en Cimany, en Juanma Ortiz, de l&#8217;INS Jonqueres i la N\u00faria Alba, t\u00e8cnica del Departament d&#8217;Educaci\u00f3. El primer dia de\u00a0<i>job shadowing<\/i>\u00a0hem estat a l&#8217;HBLA Lentia de Linz.<\/p>\n<p>L&#8217;institut \u00e9s curi\u00f3s: per accedir-hi s&#8217;ha de passar per dins d&#8217;un centre comercial i t\u00e9 unes instal\u00b7lacions immenses. Tant l&#8217;alumnat com la directora i el professorat ens han acollit molt b\u00e9. \u00c9s un centre d&#8217;estudis professionals per a l&#8217;etapa de 14 a 18 anys, on les lleng\u00fces tenen molt pes en tots els itineraris. Al mat\u00ed hem entrat a classes d&#8217;angl\u00e8s, alemany, espanyol, geografia i hist\u00f2ria de la moda. A la tarda hem observat els tallers de disseny t\u00e8xtil i de disseny de productes.<\/p>\n<p>Avui, dimarts visitarem una escola de prim\u00e0ria, la Ferdinand H\u00fcttner Schule.<\/p>\n","protected":false},"excerpt":{"rendered":"<p>Dins el MC ESAM-TILC, un equip de quatre persones ens hem despla\u00e7at a Linz (\u00c0ustria). Som la Dolors Aumatell, de FEDAC Vic, la S\u00edlvia Fontanet, de l&#8217;IE Coves d&#8217;en Cimany, en Juanma Ortiz, de l&#8217;INS Jonqueres i la N\u00faria Alba, t\u00e8cnica del Departament d&#8217;Educaci\u00f3. El primer dia de\u00a0job shadowing\u00a0hem estat a l&#8217;HBLA Lentia de Linz.&hellip;  <a href=\"https:\/\/projectes.xtec.cat\/cete\/esam\/el-microconsorci-esam-tilc-comenca-la-mobilitat-a-linz-austria\/\" title=\"Read El Microconsorci ESAM-TILC comen\u00e7a la mobilitat a Linz (\u00c0ustria)\">Llegeix m\u00e9s\u00bb<\/a><\/p>\n","protected":false},"author":18,"featured_media":9382,"comment_status":"open","ping_status":"closed","sticky":false,"template":"","format":"standard","meta":{"_bbp_topic_count":0,"_bbp_reply_count":0,"_bbp_total_topic_count":0,"_bbp_total_reply_count":0,"_bbp_voice_count":0,"_bbp_anonymous_reply_count":0,"_bbp_topic_count_hidden":0,"_bbp_reply_count_hidden":0,"_bbp_forum_subforum_count":0,"footnotes":""},"categories":[295],"tags":[303,302],"class_list":["post-9381","post","type-post","status-publish","format-standard","has-post-thumbnail","hentry","category-esam","tag-ceteplus","tag-portada"],"post_mailing_queue_ids":[],"_links":{"self":[{"href":"https:\/\/projectes.xtec.cat\/cete\/wp-json\/wp\/v2\/posts\/9381","targetHints":{"allow":["GET"]}}],"collection":[{"href":"https:\/\/projectes.xtec.cat\/cete\/wp-json\/wp\/v2\/posts"}],"about":[{"href":"https:\/\/projectes.xtec.cat\/cete\/wp-json\/wp\/v2\/types\/post"}],"author":[{"embeddable":true,"href":"https:\/\/projectes.xtec.cat\/cete\/wp-json\/wp\/v2\/users\/18"}],"replies":[{"embeddable":true,"href":"https:\/\/projectes.xtec.cat\/cete\/wp-json\/wp\/v2\/comments?post=9381"}],"version-history":[{"count":2,"href":"https:\/\/projectes.xtec.cat\/cete\/wp-json\/wp\/v2\/posts\/9381\/revisions"}],"predecessor-version":[{"id":9384,"href":"https:\/\/projectes.xtec.cat\/cete\/wp-json\/wp\/v2\/posts\/9381\/revisions\/9384"}],"wp:featuredmedia":[{"embeddable":true,"href":"https:\/\/projectes.xtec.cat\/cete\/wp-json\/wp\/v2\/media\/9382"}],"wp:attachment":[{"href":"https:\/\/projectes.xtec.cat\/cete\/wp-json\/wp\/v2\/media?parent=9381"}],"wp:term":[{"taxonomy":"category","embeddable":true,"href":"https:\/\/projectes.xtec.cat\/cete\/wp-json\/wp\/v2\/categories?post=9381"},{"taxonomy":"post_tag","embeddable":true,"href":"https:\/\/projectes.xtec.cat\/cete\/wp-json\/wp\/v2\/tags?post=9381"}],"curies":[{"name":"wp","href":"https:\/\/api.w.org\/{rel}","templated":true}]}}