{"id":9385,"date":"2022-09-29T08:44:39","date_gmt":"2022-09-29T06:44:39","guid":{"rendered":"https:\/\/projectes.xtec.cat\/cete\/?p=9385"},"modified":"2022-09-30T08:38:15","modified_gmt":"2022-09-30T06:38:15","slug":"erasmus-esam-tilc-primeres-visites","status":"publish","type":"post","link":"https:\/\/projectes.xtec.cat\/cete\/esam\/erasmus-esam-tilc-primeres-visites\/","title":{"rendered":"Erasmus+ ESAM-TILC: primeres visites"},"content":{"rendered":"<blockquote>\n<div><a href=\"https:\/\/projectes.xtec.cat\/cete\/wp-content\/uploads\/usu2644\/2022\/09\/1-1.jpg\"><img loading=\"lazy\" decoding=\"async\" class=\"wp-image-9386 alignleft\" src=\"https:\/\/projectes.xtec.cat\/cete\/wp-content\/uploads\/usu2644\/2022\/09\/1-1-1024x890.jpg\" alt=\"\" width=\"341\" height=\"296\" srcset=\"https:\/\/projectes.xtec.cat\/cete\/wp-content\/uploads\/usu2644\/2022\/09\/1-1-1024x890.jpg 1024w, https:\/\/projectes.xtec.cat\/cete\/wp-content\/uploads\/usu2644\/2022\/09\/1-1-300x261.jpg 300w, https:\/\/projectes.xtec.cat\/cete\/wp-content\/uploads\/usu2644\/2022\/09\/1-1-768x668.jpg 768w, https:\/\/projectes.xtec.cat\/cete\/wp-content\/uploads\/usu2644\/2022\/09\/1-1-1536x1335.jpg 1536w, https:\/\/projectes.xtec.cat\/cete\/wp-content\/uploads\/usu2644\/2022\/09\/1-1.jpg 1600w\" sizes=\"auto, (max-width: 341px) 100vw, 341px\" \/><\/a>En el nostre job shadowing, cada dia anem a observar un centre diferent. Ahir vam anar al centre m\u00e9s allunyat del nostre hotel: la Ferdinand H\u00fcttner Schule, per a alumnes de 10 a 14 anys. \u00c9s un centre amb molta diversitat i per aquest motiu tenen dos professors a l&#8217;aula en les mat\u00e8ries instrumentals i en altres moments en qu\u00e8 faci falta.<\/div>\n<\/blockquote>\n<blockquote>\n<div>Avui hem visitat l&#8217;Europagymnasium Auhof. Els gymnasium s\u00f3n centres per a alumnat que ha tingut bons resultats a prim\u00e0ria i que s&#8217;orienta als estudis universitaris. S&#8217;hi entra als 10 anys i se&#8217;n surt als 18 amb la prova de maduresa, Matura, necess\u00e0ria per accedir a la universitat. En aquest centre hi ha alumnat de totes parts del m\u00f3n i per aix\u00f2 fan alguns grups d&#8217;alemany com a llengua estrangera, equivalent en certa manera a les nostres aules d&#8217;acollida.<\/div>\n<\/blockquote>\n<blockquote>\n<div>En tots dos centres el professorat fa un ensenyament molt dirigit, per\u00f2 fan participar oralment l&#8217;alumnat i apliquen estrat\u00e8gies de refor\u00e7 positiu, modelatge, bon model de llengua&#8230;<\/div>\n<div><a href=\"https:\/\/projectes.xtec.cat\/cete\/wp-content\/uploads\/usu2644\/2022\/09\/1-2-scaled.jpg\"><img loading=\"lazy\" decoding=\"async\" class=\"wp-image-9387 alignright\" src=\"https:\/\/projectes.xtec.cat\/cete\/wp-content\/uploads\/usu2644\/2022\/09\/1-2-1024x768.jpg\" alt=\"\" width=\"540\" height=\"405\" srcset=\"https:\/\/projectes.xtec.cat\/cete\/wp-content\/uploads\/usu2644\/2022\/09\/1-2-1024x768.jpg 1024w, https:\/\/projectes.xtec.cat\/cete\/wp-content\/uploads\/usu2644\/2022\/09\/1-2-300x225.jpg 300w, https:\/\/projectes.xtec.cat\/cete\/wp-content\/uploads\/usu2644\/2022\/09\/1-2-768x576.jpg 768w, https:\/\/projectes.xtec.cat\/cete\/wp-content\/uploads\/usu2644\/2022\/09\/1-2-1536x1152.jpg 1536w, https:\/\/projectes.xtec.cat\/cete\/wp-content\/uploads\/usu2644\/2022\/09\/1-2-2048x1536.jpg 2048w, https:\/\/projectes.xtec.cat\/cete\/wp-content\/uploads\/usu2644\/2022\/09\/1-2-200x150.jpg 200w\" sizes=\"auto, (max-width: 540px) 100vw, 540px\" \/><\/a><\/div>\n<\/blockquote>\n","protected":false},"excerpt":{"rendered":"<p>En el nostre job shadowing, cada dia anem a observar un centre diferent. Ahir vam anar al centre m\u00e9s allunyat del nostre hotel: la Ferdinand H\u00fcttner Schule, per a alumnes de 10 a 14 anys. \u00c9s un centre amb molta diversitat i per aquest motiu tenen dos professors a l&#8217;aula en les mat\u00e8ries instrumentals i en altres moments en qu\u00e8 faci falta.&hellip;  <a href=\"https:\/\/projectes.xtec.cat\/cete\/esam\/erasmus-esam-tilc-primeres-visites\/\" title=\"Read Erasmus+ ESAM-TILC: primeres visites\">Llegeix m\u00e9s\u00bb<\/a><\/p>\n","protected":false},"author":18,"featured_media":9386,"comment_status":"open","ping_status":"closed","sticky":false,"template":"","format":"standard","meta":{"_bbp_topic_count":0,"_bbp_reply_count":0,"_bbp_total_topic_count":0,"_bbp_total_reply_count":0,"_bbp_voice_count":0,"_bbp_anonymous_reply_count":0,"_bbp_topic_count_hidden":0,"_bbp_reply_count_hidden":0,"_bbp_forum_subforum_count":0,"footnotes":""},"categories":[295],"tags":[307,308,309,302],"class_list":["post-9385","post","type-post","status-publish","format-standard","has-post-thumbnail","hentry","category-esam","tag-erasmus-plus","tag-esamtilc","tag-mcesamtilc","tag-portada"],"post_mailing_queue_ids":[],"_links":{"self":[{"href":"https:\/\/projectes.xtec.cat\/cete\/wp-json\/wp\/v2\/posts\/9385","targetHints":{"allow":["GET"]}}],"collection":[{"href":"https:\/\/projectes.xtec.cat\/cete\/wp-json\/wp\/v2\/posts"}],"about":[{"href":"https:\/\/projectes.xtec.cat\/cete\/wp-json\/wp\/v2\/types\/post"}],"author":[{"embeddable":true,"href":"https:\/\/projectes.xtec.cat\/cete\/wp-json\/wp\/v2\/users\/18"}],"replies":[{"embeddable":true,"href":"https:\/\/projectes.xtec.cat\/cete\/wp-json\/wp\/v2\/comments?post=9385"}],"version-history":[{"count":2,"href":"https:\/\/projectes.xtec.cat\/cete\/wp-json\/wp\/v2\/posts\/9385\/revisions"}],"predecessor-version":[{"id":9389,"href":"https:\/\/projectes.xtec.cat\/cete\/wp-json\/wp\/v2\/posts\/9385\/revisions\/9389"}],"wp:featuredmedia":[{"embeddable":true,"href":"https:\/\/projectes.xtec.cat\/cete\/wp-json\/wp\/v2\/media\/9386"}],"wp:attachment":[{"href":"https:\/\/projectes.xtec.cat\/cete\/wp-json\/wp\/v2\/media?parent=9385"}],"wp:term":[{"taxonomy":"category","embeddable":true,"href":"https:\/\/projectes.xtec.cat\/cete\/wp-json\/wp\/v2\/categories?post=9385"},{"taxonomy":"post_tag","embeddable":true,"href":"https:\/\/projectes.xtec.cat\/cete\/wp-json\/wp\/v2\/tags?post=9385"}],"curies":[{"name":"wp","href":"https:\/\/api.w.org\/{rel}","templated":true}]}}