{"id":9399,"date":"2022-09-30T14:18:19","date_gmt":"2022-09-30T12:18:19","guid":{"rendered":"https:\/\/projectes.xtec.cat\/cete\/?p=9399"},"modified":"2022-09-30T14:18:19","modified_gmt":"2022-09-30T12:18:19","slug":"erasmus-esam-tilc-a-bretagne-2","status":"publish","type":"post","link":"https:\/\/projectes.xtec.cat\/cete\/esam\/erasmus-esam-tilc-a-bretagne-2\/","title":{"rendered":"Erasmus+ ESAM-TILC a Bretagne"},"content":{"rendered":"<p>Les escoles @ramonpont, @fedacvic i @antoniroig han arribat a la fi de la visita a les escoles de Landivisau.<\/p>\n<p>Han estat unes jornades molt profitoses, d\u2019intercanvis d\u2019experi\u00e8ncies i bons aprenentatges.<\/p>\n<p>Esperem poder aportar a les nostres escoles tots aquells recursos metodol\u00f2gics per millorar el nostre dia a dia. Us deixem un v\u00eddeo on les alumnes de l\u2019\u00faltim curs de lyc\u00e9e (institut) ens ensenyen salutacions en Bret\u00f3.<\/p>\n<div style=\"width: 848px;\" class=\"wp-video\"><!--[if lt IE 9]><script>document.createElement('video');<\/script><![endif]-->\n<video class=\"wp-video-shortcode\" id=\"video-9399-1\" width=\"848\" height=\"480\" preload=\"metadata\" controls=\"controls\"><source type=\"video\/mp4\" src=\"https:\/\/projectes.xtec.cat\/cete\/wp-content\/uploads\/usu2644\/2022\/09\/WhatsApp-Video-2022-09-30-at-10.49.18-AM.mp4?_=1\" \/><a href=\"https:\/\/projectes.xtec.cat\/cete\/wp-content\/uploads\/usu2644\/2022\/09\/WhatsApp-Video-2022-09-30-at-10.49.18-AM.mp4\">https:\/\/projectes.xtec.cat\/cete\/wp-content\/uploads\/usu2644\/2022\/09\/WhatsApp-Video-2022-09-30-at-10.49.18-AM.mp4<\/a><\/video><\/div>\n","protected":false},"excerpt":{"rendered":"<p>Les escoles @ramonpont, @fedacvic i @antoniroig han arribat a la fi de la visita a les escoles de Landivisau.&hellip;  <a href=\"https:\/\/projectes.xtec.cat\/cete\/esam\/erasmus-esam-tilc-a-bretagne-2\/\" title=\"Read Erasmus+ ESAM-TILC a Bretagne\">Llegeix m\u00e9s\u00bb<\/a><\/p>\n","protected":false},"author":18,"featured_media":9394,"comment_status":"open","ping_status":"closed","sticky":false,"template":"","format":"standard","meta":{"_bbp_topic_count":0,"_bbp_reply_count":0,"_bbp_total_topic_count":0,"_bbp_total_reply_count":0,"_bbp_voice_count":0,"_bbp_anonymous_reply_count":0,"_bbp_topic_count_hidden":0,"_bbp_reply_count_hidden":0,"_bbp_forum_subforum_count":0,"footnotes":""},"categories":[295],"tags":[311,310,309,302],"class_list":["post-9399","post","type-post","status-publish","format-standard","has-post-thumbnail","hentry","category-esam","tag-ceteesamtilc","tag-erasmus","tag-mcesamtilc","tag-portada"],"post_mailing_queue_ids":[],"_links":{"self":[{"href":"https:\/\/projectes.xtec.cat\/cete\/wp-json\/wp\/v2\/posts\/9399","targetHints":{"allow":["GET"]}}],"collection":[{"href":"https:\/\/projectes.xtec.cat\/cete\/wp-json\/wp\/v2\/posts"}],"about":[{"href":"https:\/\/projectes.xtec.cat\/cete\/wp-json\/wp\/v2\/types\/post"}],"author":[{"embeddable":true,"href":"https:\/\/projectes.xtec.cat\/cete\/wp-json\/wp\/v2\/users\/18"}],"replies":[{"embeddable":true,"href":"https:\/\/projectes.xtec.cat\/cete\/wp-json\/wp\/v2\/comments?post=9399"}],"version-history":[{"count":2,"href":"https:\/\/projectes.xtec.cat\/cete\/wp-json\/wp\/v2\/posts\/9399\/revisions"}],"predecessor-version":[{"id":9402,"href":"https:\/\/projectes.xtec.cat\/cete\/wp-json\/wp\/v2\/posts\/9399\/revisions\/9402"}],"wp:featuredmedia":[{"embeddable":true,"href":"https:\/\/projectes.xtec.cat\/cete\/wp-json\/wp\/v2\/media\/9394"}],"wp:attachment":[{"href":"https:\/\/projectes.xtec.cat\/cete\/wp-json\/wp\/v2\/media?parent=9399"}],"wp:term":[{"taxonomy":"category","embeddable":true,"href":"https:\/\/projectes.xtec.cat\/cete\/wp-json\/wp\/v2\/categories?post=9399"},{"taxonomy":"post_tag","embeddable":true,"href":"https:\/\/projectes.xtec.cat\/cete\/wp-json\/wp\/v2\/tags?post=9399"}],"curies":[{"name":"wp","href":"https:\/\/api.w.org\/{rel}","templated":true}]}}