{"id":9420,"date":"2022-11-04T13:58:46","date_gmt":"2022-11-04T12:58:46","guid":{"rendered":"https:\/\/projectes.xtec.cat\/cete\/?p=9420"},"modified":"2022-11-04T13:59:30","modified_gmt":"2022-11-04T12:59:30","slug":"iv-jornades-repensar-i-transformar-els-espais-educatius","status":"publish","type":"post","link":"https:\/\/projectes.xtec.cat\/cete\/portada\/iv-jornades-repensar-i-transformar-els-espais-educatius\/","title":{"rendered":"IV jornades repensar i transformar els espais educatius"},"content":{"rendered":"<p><a href=\"https:\/\/projectes.xtec.cat\/cete\/wp-content\/uploads\/usu2644\/2022\/11\/Diapositiva1-1-1024x576-1.jpg\"><img loading=\"lazy\" decoding=\"async\" class=\" wp-image-9421 alignleft\" src=\"https:\/\/projectes.xtec.cat\/cete\/wp-content\/uploads\/usu2644\/2022\/11\/Diapositiva1-1-1024x576-1.jpg\" alt=\"\" width=\"242\" height=\"136\" srcset=\"https:\/\/projectes.xtec.cat\/cete\/wp-content\/uploads\/usu2644\/2022\/11\/Diapositiva1-1-1024x576-1.jpg 1024w, https:\/\/projectes.xtec.cat\/cete\/wp-content\/uploads\/usu2644\/2022\/11\/Diapositiva1-1-1024x576-1-300x169.jpg 300w, https:\/\/projectes.xtec.cat\/cete\/wp-content\/uploads\/usu2644\/2022\/11\/Diapositiva1-1-1024x576-1-768x432.jpg 768w\" sizes=\"auto, (max-width: 242px) 100vw, 242px\" \/><\/a>La coordinadora del programa de biblioteques escolars, M\u00f2nica Badia, i les mestres, Mireia Castro i Paula Gejo, de l\u2019escola \u00c0ngels Alemany i Boris (Lloret de Mar) van participar a les\u00a0<strong>IV jornades repensar i transformar els espais educatius,<\/strong>\u00a0organitzades pel Cefire de X\u00e0tiva.<\/p>\n<p>La coordinadora del programa Puntedu va parlar sobre els espais de lectura del centre. Les mestres de l\u2019escola \u00c0ngels Alemany i Boris van explicar la transformaci\u00f3 dels espais de lectura del seu centre i el treball compartit amb la comunitat educativa. Tamb\u00e9 van explicar com la participaci\u00f3 en el Microconsorci Biblioteca escolar Puntedu del projecte Erasmus (Consorci KA120 Erasmus CETE+)\u00a0 els ha ajudat a l\u2019hora de fer aquest canvi.<\/p>\n","protected":false},"excerpt":{"rendered":"<p><a href=\"https:\/\/projectes.xtec.cat\/cete\/wp-content\/uploads\/usu2644\/2022\/11\/Diapositiva1-1-1024x576-1.jpg\"><\/a>La coordinadora del programa de biblioteques escolars, M\u00f2nica Badia, i les mestres, Mireia Castro i Paula Gejo, de l\u2019escola \u00c0ngels Alemany i Boris (Lloret de Mar) van participar a les\u00a0IV jornades repensar i transformar els espais educatius,\u00a0organitzades pel Cefire de X\u00e0tiva.<br \/>\nLa coordinadora del programa&hellip;  <a href=\"https:\/\/projectes.xtec.cat\/cete\/portada\/iv-jornades-repensar-i-transformar-els-espais-educatius\/\" title=\"Read IV jornades repensar i transformar els espais educatius\">Llegeix m\u00e9s\u00bb<\/a><\/p>\n","protected":false},"author":14,"featured_media":9422,"comment_status":"open","ping_status":"closed","sticky":false,"template":"","format":"standard","meta":{"_bbp_topic_count":0,"_bbp_reply_count":0,"_bbp_total_topic_count":0,"_bbp_total_reply_count":0,"_bbp_voice_count":0,"_bbp_anonymous_reply_count":0,"_bbp_topic_count_hidden":0,"_bbp_reply_count_hidden":0,"_bbp_forum_subforum_count":0,"footnotes":""},"categories":[29,297],"tags":[314,310,313],"class_list":["post-9420","post","type-post","status-publish","format-standard","has-post-thumbnail","hentry","category-portada","category-puntedu","tag-cete","tag-erasmus","tag-mcpuntedu"],"post_mailing_queue_ids":[],"_links":{"self":[{"href":"https:\/\/projectes.xtec.cat\/cete\/wp-json\/wp\/v2\/posts\/9420","targetHints":{"allow":["GET"]}}],"collection":[{"href":"https:\/\/projectes.xtec.cat\/cete\/wp-json\/wp\/v2\/posts"}],"about":[{"href":"https:\/\/projectes.xtec.cat\/cete\/wp-json\/wp\/v2\/types\/post"}],"author":[{"embeddable":true,"href":"https:\/\/projectes.xtec.cat\/cete\/wp-json\/wp\/v2\/users\/14"}],"replies":[{"embeddable":true,"href":"https:\/\/projectes.xtec.cat\/cete\/wp-json\/wp\/v2\/comments?post=9420"}],"version-history":[{"count":1,"href":"https:\/\/projectes.xtec.cat\/cete\/wp-json\/wp\/v2\/posts\/9420\/revisions"}],"predecessor-version":[{"id":9423,"href":"https:\/\/projectes.xtec.cat\/cete\/wp-json\/wp\/v2\/posts\/9420\/revisions\/9423"}],"wp:featuredmedia":[{"embeddable":true,"href":"https:\/\/projectes.xtec.cat\/cete\/wp-json\/wp\/v2\/media\/9422"}],"wp:attachment":[{"href":"https:\/\/projectes.xtec.cat\/cete\/wp-json\/wp\/v2\/media?parent=9420"}],"wp:term":[{"taxonomy":"category","embeddable":true,"href":"https:\/\/projectes.xtec.cat\/cete\/wp-json\/wp\/v2\/categories?post=9420"},{"taxonomy":"post_tag","embeddable":true,"href":"https:\/\/projectes.xtec.cat\/cete\/wp-json\/wp\/v2\/tags?post=9420"}],"curies":[{"name":"wp","href":"https:\/\/api.w.org\/{rel}","templated":true}]}}