{"id":9453,"date":"2022-11-30T08:52:25","date_gmt":"2022-11-30T07:52:25","guid":{"rendered":"https:\/\/projectes.xtec.cat\/cete\/?p=9453"},"modified":"2022-11-30T08:52:50","modified_gmt":"2022-11-30T07:52:50","slug":"claustre-a-lescola-mas-i-perera-del-microconsorci-puntedu","status":"publish","type":"post","link":"https:\/\/projectes.xtec.cat\/cete\/portada\/claustre-a-lescola-mas-i-perera-del-microconsorci-puntedu\/","title":{"rendered":"Claustre a l\u2019escola Mas i Perera del microconsorci Puntedu"},"content":{"rendered":"<p><a href=\"https:\/\/projectes.xtec.cat\/cete\/wp-content\/uploads\/usu2644\/2022\/11\/claustre-transferencia-Mas-i-Perera.png\"><img loading=\"lazy\" decoding=\"async\" class=\" wp-image-9454 alignleft\" src=\"https:\/\/projectes.xtec.cat\/cete\/wp-content\/uploads\/usu2644\/2022\/11\/claustre-transferencia-Mas-i-Perera.png\" alt=\"\" width=\"276\" height=\"162\" srcset=\"https:\/\/projectes.xtec.cat\/cete\/wp-content\/uploads\/usu2644\/2022\/11\/claustre-transferencia-Mas-i-Perera.png 475w, https:\/\/projectes.xtec.cat\/cete\/wp-content\/uploads\/usu2644\/2022\/11\/claustre-transferencia-Mas-i-Perera-300x176.png 300w\" sizes=\"auto, (max-width: 276px) 100vw, 276px\" \/><\/a>L&#8217;<a href=\"https:\/\/agora.xtec.cat\/ceip-masiperera\/\" target=\"_blank\" rel=\"noopener\">escola Mas i Perera<\/a> de Vilafranca del Pened\u00e8s va fer un claustre, el passat 28 de novembre, on les mestres Annabel i T\u00e0nia van explicar les mobilitats que han realitzat dins del microconsorci Puntedu a It\u00e0lia i Gr\u00e8cia.<\/p>\n<p>El claustre de transfer\u00e8ncia d&#8217;aquestes experi\u00e8ncies el van comen\u00e7ar formulant la pregunta: Qu\u00e8 \u00e9s per a tu la BE?<\/p>\n<p>L&#8217;escola Mas i Perera \u00e9s un dels centres participants del Projecte KA120 Erasmus+ de Biblioteques escolars.<\/p>\n","protected":false},"excerpt":{"rendered":"<p><a href=\"https:\/\/projectes.xtec.cat\/cete\/wp-content\/uploads\/usu2644\/2022\/11\/claustre-transferencia-Mas-i-Perera.png\"><\/a>L&#8217;<a href=\"https:\/\/agora.xtec.cat\/ceip-masiperera\/\" target=\"_blank\" rel=\"noopener\">escola Mas i Perera<\/a> de Vilafranca del Pened\u00e8s va fer un claustre, el passat 28 de novembre, on les mestres Annabel i T\u00e0nia van explicar les mobilitats que han realitzat dins del microconsorci Puntedu a It\u00e0lia i Gr\u00e8cia.<br \/>\nEl claustre de transfer\u00e8ncia&hellip;  <a href=\"https:\/\/projectes.xtec.cat\/cete\/portada\/claustre-a-lescola-mas-i-perera-del-microconsorci-puntedu\/\" title=\"Read Claustre a l\u2019escola Mas i Perera del microconsorci Puntedu\">Llegeix m\u00e9s\u00bb<\/a><\/p>\n","protected":false},"author":14,"featured_media":9454,"comment_status":"open","ping_status":"closed","sticky":false,"template":"","format":"standard","meta":{"_bbp_topic_count":0,"_bbp_reply_count":0,"_bbp_total_topic_count":0,"_bbp_total_reply_count":0,"_bbp_voice_count":0,"_bbp_anonymous_reply_count":0,"_bbp_topic_count_hidden":0,"_bbp_reply_count_hidden":0,"_bbp_forum_subforum_count":0,"footnotes":""},"categories":[29,297],"tags":[314,310,313],"class_list":["post-9453","post","type-post","status-publish","format-standard","has-post-thumbnail","hentry","category-portada","category-puntedu","tag-cete","tag-erasmus","tag-mcpuntedu"],"post_mailing_queue_ids":[],"_links":{"self":[{"href":"https:\/\/projectes.xtec.cat\/cete\/wp-json\/wp\/v2\/posts\/9453","targetHints":{"allow":["GET"]}}],"collection":[{"href":"https:\/\/projectes.xtec.cat\/cete\/wp-json\/wp\/v2\/posts"}],"about":[{"href":"https:\/\/projectes.xtec.cat\/cete\/wp-json\/wp\/v2\/types\/post"}],"author":[{"embeddable":true,"href":"https:\/\/projectes.xtec.cat\/cete\/wp-json\/wp\/v2\/users\/14"}],"replies":[{"embeddable":true,"href":"https:\/\/projectes.xtec.cat\/cete\/wp-json\/wp\/v2\/comments?post=9453"}],"version-history":[{"count":2,"href":"https:\/\/projectes.xtec.cat\/cete\/wp-json\/wp\/v2\/posts\/9453\/revisions"}],"predecessor-version":[{"id":9456,"href":"https:\/\/projectes.xtec.cat\/cete\/wp-json\/wp\/v2\/posts\/9453\/revisions\/9456"}],"wp:featuredmedia":[{"embeddable":true,"href":"https:\/\/projectes.xtec.cat\/cete\/wp-json\/wp\/v2\/media\/9454"}],"wp:attachment":[{"href":"https:\/\/projectes.xtec.cat\/cete\/wp-json\/wp\/v2\/media?parent=9453"}],"wp:term":[{"taxonomy":"category","embeddable":true,"href":"https:\/\/projectes.xtec.cat\/cete\/wp-json\/wp\/v2\/categories?post=9453"},{"taxonomy":"post_tag","embeddable":true,"href":"https:\/\/projectes.xtec.cat\/cete\/wp-json\/wp\/v2\/tags?post=9453"}],"curies":[{"name":"wp","href":"https:\/\/api.w.org\/{rel}","templated":true}]}}