{"id":9463,"date":"2022-12-16T13:48:01","date_gmt":"2022-12-16T12:48:01","guid":{"rendered":"https:\/\/projectes.xtec.cat\/cete\/?p=9463"},"modified":"2022-12-16T13:48:06","modified_gmt":"2022-12-16T12:48:06","slug":"biblioteca-escolar-redissenyem-lespai-mcpuntedu","status":"publish","type":"post","link":"https:\/\/projectes.xtec.cat\/cete\/portada\/biblioteca-escolar-redissenyem-lespai-mcpuntedu\/","title":{"rendered":"Biblioteca escolar &#8211; Redissenyem l&#8217;espai (McPuntedu)"},"content":{"rendered":"<p><a href=\"https:\/\/projectes.xtec.cat\/cete\/wp-content\/uploads\/usu2644\/2022\/12\/Redissenyem-lespai_-Biblioteca-escolar.png\"><img loading=\"lazy\" decoding=\"async\" class=\" wp-image-9464 alignleft\" src=\"https:\/\/projectes.xtec.cat\/cete\/wp-content\/uploads\/usu2644\/2022\/12\/Redissenyem-lespai_-Biblioteca-escolar-1024x575.png\" alt=\"\" width=\"306\" height=\"172\" srcset=\"https:\/\/projectes.xtec.cat\/cete\/wp-content\/uploads\/usu2644\/2022\/12\/Redissenyem-lespai_-Biblioteca-escolar-1024x575.png 1024w, https:\/\/projectes.xtec.cat\/cete\/wp-content\/uploads\/usu2644\/2022\/12\/Redissenyem-lespai_-Biblioteca-escolar-300x168.png 300w, https:\/\/projectes.xtec.cat\/cete\/wp-content\/uploads\/usu2644\/2022\/12\/Redissenyem-lespai_-Biblioteca-escolar-768x431.png 768w, https:\/\/projectes.xtec.cat\/cete\/wp-content\/uploads\/usu2644\/2022\/12\/Redissenyem-lespai_-Biblioteca-escolar.png 1468w\" sizes=\"auto, (max-width: 306px) 100vw, 306px\" \/><\/a>La presentaci\u00f3 \u201cRedissenyem la biblioteca\u201d sorgeix de la realitzaci\u00f3 d\u2019un job shadowing a la Soenderskov Skolen (Dinamarca).<\/p>\n<p>El centre educatiu \u00c0ngels Alemany i Boris es planteja revitalitzar i posar en marxa la biblioteca escolar a partir de la participaci\u00f3 en el projecte Erasmus+ Consorci K120 (microconsorci McPuntedu)<\/p>\n<p>Les docents que han creat aquesta presentaci\u00f3 s\u00f3n: Mireia Castro i Paula Gejo de l\u2019escola \u00c0ngels Alemany i Boris (Curs 2022-2023)<\/p>\n<p><a href=\"https:\/\/docs.google.com\/presentation\/d\/e\/2PACX-1vST_sF6kfuLxxhu9Pr2wd8KMf1Ht1fhYXzRgv7LEbTOziyZRWqke4yJ_fHqLjsFBM_0a4BKll6-6f_9\/pub?start=false&amp;amp%3Bloop=false&amp;amp%3Bdelayms=60000&amp;slide=id.p\" target=\"_blank\" rel=\"noopener\">Biblioteca escolar \u2013 Redissenyem l\u2019espai_escola \u00c0ngels Alemany i Boris_erasmus_CETE+<\/a><\/p>\n<p>Un objectiu del projecte Erasmus CETE+ \u00e9s difondre els productes elaborats despr\u00e9s de les observacions fetes a les mobilitats perqu\u00e8 puguin arribar a la resta de centres escolars.<\/p>\n","protected":false},"excerpt":{"rendered":"<p><a href=\"https:\/\/projectes.xtec.cat\/cete\/wp-content\/uploads\/usu2644\/2022\/12\/Redissenyem-lespai_-Biblioteca-escolar.png\"><\/a>La presentaci\u00f3 \u201cRedissenyem la biblioteca\u201d sorgeix de la realitzaci\u00f3 d\u2019un job shadowing a la Soenderskov Skolen (Dinamarca).<br \/>\nEl centre educatiu \u00c0ngels Alemany i Boris es planteja revitalitzar i posar en marxa la biblioteca escolar a partir de la participaci\u00f3 en el projecte Erasmus+ Consorci K120&hellip;  <a href=\"https:\/\/projectes.xtec.cat\/cete\/portada\/biblioteca-escolar-redissenyem-lespai-mcpuntedu\/\" title=\"Read Biblioteca escolar &#8211; Redissenyem l&#8217;espai (McPuntedu)\">Llegeix m\u00e9s\u00bb<\/a><\/p>\n","protected":false},"author":14,"featured_media":9464,"comment_status":"open","ping_status":"closed","sticky":false,"template":"","format":"standard","meta":{"_bbp_topic_count":0,"_bbp_reply_count":0,"_bbp_total_topic_count":0,"_bbp_total_reply_count":0,"_bbp_voice_count":0,"_bbp_anonymous_reply_count":0,"_bbp_topic_count_hidden":0,"_bbp_reply_count_hidden":0,"_bbp_forum_subforum_count":0,"footnotes":""},"categories":[29,297],"tags":[],"class_list":["post-9463","post","type-post","status-publish","format-standard","has-post-thumbnail","hentry","category-portada","category-puntedu"],"post_mailing_queue_ids":[],"_links":{"self":[{"href":"https:\/\/projectes.xtec.cat\/cete\/wp-json\/wp\/v2\/posts\/9463","targetHints":{"allow":["GET"]}}],"collection":[{"href":"https:\/\/projectes.xtec.cat\/cete\/wp-json\/wp\/v2\/posts"}],"about":[{"href":"https:\/\/projectes.xtec.cat\/cete\/wp-json\/wp\/v2\/types\/post"}],"author":[{"embeddable":true,"href":"https:\/\/projectes.xtec.cat\/cete\/wp-json\/wp\/v2\/users\/14"}],"replies":[{"embeddable":true,"href":"https:\/\/projectes.xtec.cat\/cete\/wp-json\/wp\/v2\/comments?post=9463"}],"version-history":[{"count":1,"href":"https:\/\/projectes.xtec.cat\/cete\/wp-json\/wp\/v2\/posts\/9463\/revisions"}],"predecessor-version":[{"id":9465,"href":"https:\/\/projectes.xtec.cat\/cete\/wp-json\/wp\/v2\/posts\/9463\/revisions\/9465"}],"wp:featuredmedia":[{"embeddable":true,"href":"https:\/\/projectes.xtec.cat\/cete\/wp-json\/wp\/v2\/media\/9464"}],"wp:attachment":[{"href":"https:\/\/projectes.xtec.cat\/cete\/wp-json\/wp\/v2\/media?parent=9463"}],"wp:term":[{"taxonomy":"category","embeddable":true,"href":"https:\/\/projectes.xtec.cat\/cete\/wp-json\/wp\/v2\/categories?post=9463"},{"taxonomy":"post_tag","embeddable":true,"href":"https:\/\/projectes.xtec.cat\/cete\/wp-json\/wp\/v2\/tags?post=9463"}],"curies":[{"name":"wp","href":"https:\/\/api.w.org\/{rel}","templated":true}]}}