{"id":9483,"date":"2023-01-18T12:47:59","date_gmt":"2023-01-18T11:47:59","guid":{"rendered":"https:\/\/projectes.xtec.cat\/cete\/?p=9483"},"modified":"2023-02-08T13:00:16","modified_gmt":"2023-02-08T12:00:16","slug":"sessio-de-transferencia-mobilitats-mobedu-amb-els-centres-participants","status":"publish","type":"post","link":"https:\/\/projectes.xtec.cat\/cete\/general\/sessio-de-transferencia-mobilitats-mobedu-amb-els-centres-participants\/","title":{"rendered":"Sessi\u00f3 de transfer\u00e8ncia mobilitats MobEdu amb els centres participants"},"content":{"rendered":"<p><span style=\"font-weight: 400;\">El passat dimarts 17 de gener de 2023 vam dur a terme, des del microconsorci MobEdu, una sessi\u00f3 de transfer\u00e8ncia telem\u00e0tica dirigida als docents que han participat en les mobilitats, als coordinadors Erasmus i altres docents d&#8217;aquests centres.<\/span><\/p>\n<p><span style=\"font-weight: 400;\">Docents de l&#8217;escola Maria Fortuny, de l&#8217;escola Santa Maria del Mar, de l&#8217;INS Badalona VII, de l&#8217;INS Camps Blancs, de l&#8217;INS Torre del Palau, de l&#8217;escola Vedruna Sagrats Cors de Centelles i l&#8217;INS Miquel Bosch i Jover van compartir experi\u00e8ncies, viv\u00e8ncies, opinions, idees, propostes de millora\u2026 de les mobilitats realitzades tant en modalitat de formaci\u00f3 com d\u2019observaci\u00f3.<\/span><\/p>\n<p><span style=\"font-weight: 400;\">En primer lloc ens vam connectar a una sala de Google Meet on tots els docents es van presentar, van indicar el seu centre educatiu i la seva tasca o c\u00e0rrec en aquest, i tamb\u00e9 el centre o entitat educativa a la qual van visitar o van anar a rebre una formaci\u00f3.<\/span><\/p>\n<p><span style=\"font-weight: 400;\">Seguidament, es va explicar la din\u00e0mica de la sessi\u00f3 de transfer\u00e8ncia.<\/span><\/p>\n<p><a href=\"https:\/\/projectes.xtec.cat\/cete\/wp-content\/uploads\/usu2644\/2023\/02\/Screenshot-7.png\"><img loading=\"lazy\" decoding=\"async\" class=\"alignnone size-full wp-image-9484\" src=\"https:\/\/projectes.xtec.cat\/cete\/wp-content\/uploads\/usu2644\/2023\/02\/Screenshot-7.png\" alt=\"\" width=\"755\" height=\"303\" srcset=\"https:\/\/projectes.xtec.cat\/cete\/wp-content\/uploads\/usu2644\/2023\/02\/Screenshot-7.png 755w, https:\/\/projectes.xtec.cat\/cete\/wp-content\/uploads\/usu2644\/2023\/02\/Screenshot-7-300x120.png 300w\" sizes=\"auto, (max-width: 755px) 100vw, 755px\" \/><\/a><\/p>\n<p><span style=\"font-weight: 400;\">A continuaci\u00f3, vam deixar el Google Meet i, a partir de l\u2019aplicaci\u00f3 Wonder.me, ens vam repartir en grups. Tenint com a suport un mural compartit realitzat amb l\u2019aplicaci\u00f3 Google Jamboard es va debatre sobre els diferents aspectes:<\/span><\/p>\n<ul>\n<li style=\"font-weight: 400;\" aria-level=\"1\"><span style=\"font-weight: 400;\">Quins avantatges ha aportat al centre aquesta formaci\u00f3 dual (observaci\u00f3\/formaci\u00f3) respecte a una formaci\u00f3 m\u00e9s cl\u00e0ssica?<\/span><\/li>\n<li style=\"font-weight: 400;\" aria-level=\"1\"><span style=\"font-weight: 400;\">Quins elements &#8220;extra&#8221; penseu que aporta dur-les a terme en un altre pa\u00eds?<\/span><\/li>\n<li style=\"font-weight: 400;\" aria-level=\"1\"><span style=\"font-weight: 400;\">Quin tipus de relacions heu establert o penseu establir amb els centres receptors?<\/span><\/li>\n<li style=\"font-weight: 400;\" aria-level=\"1\"><span style=\"font-weight: 400;\">Quines accions creieu que es poden realitzar per mantenir accions sostingudes en el temps entre els centres participants?<\/span><\/li>\n<li style=\"font-weight: 400;\" aria-level=\"1\"><span style=\"font-weight: 400;\">Quins beneficis ha aportat per al vostre alumnat aquesta experi\u00e8ncia?<\/span><\/li>\n<li style=\"font-weight: 400;\" aria-level=\"1\"><span style=\"font-weight: 400;\">Com heu fet la transfer\u00e8ncia en el vostre centre?<\/span><\/li>\n<li style=\"font-weight: 400;\" aria-level=\"1\"><span style=\"font-weight: 400;\">Quines millores considereu aplicables en el nostre sistema educatiu?<\/span><\/li>\n<li style=\"font-weight: 400;\" aria-level=\"1\"><span style=\"font-weight: 400;\">Quins aspectes observats creieu que no s\u00f3n factibles d&#8217;aplicar en el nostre sistema educatiu?<\/span><\/li>\n<li style=\"font-weight: 400;\" aria-level=\"1\"><span style=\"font-weight: 400;\">Indiqueu aspectes de millora en l&#8217;organitzaci\u00f3 i gesti\u00f3 del microconsorci a tenir en compte en futures convocat\u00f2ries.<\/span><\/li>\n<\/ul>\n<p><a href=\"https:\/\/projectes.xtec.cat\/cete\/wp-content\/uploads\/usu2644\/2023\/02\/Screenshot-9.png\"><img loading=\"lazy\" decoding=\"async\" class=\"alignnone size-full wp-image-9485\" src=\"https:\/\/projectes.xtec.cat\/cete\/wp-content\/uploads\/usu2644\/2023\/02\/Screenshot-9.png\" alt=\"\" width=\"759\" height=\"379\" srcset=\"https:\/\/projectes.xtec.cat\/cete\/wp-content\/uploads\/usu2644\/2023\/02\/Screenshot-9.png 759w, https:\/\/projectes.xtec.cat\/cete\/wp-content\/uploads\/usu2644\/2023\/02\/Screenshot-9-300x150.png 300w\" sizes=\"auto, (max-width: 759px) 100vw, 759px\" \/><\/a><\/p>\n<p><span style=\"font-weight: 400;\">Aquest \u00e9s el mural Google Jamboard on els participants a partir de post-its van plasmar les seves opinions i impressions:<\/span><\/p>\n<p><a href=\"https:\/\/projectes.xtec.cat\/cete\/wp-content\/uploads\/usu2644\/2023\/02\/Screenshot-10.png\"><img loading=\"lazy\" decoding=\"async\" class=\"alignnone size-full wp-image-9486\" src=\"https:\/\/projectes.xtec.cat\/cete\/wp-content\/uploads\/usu2644\/2023\/02\/Screenshot-10.png\" alt=\"\" width=\"760\" height=\"455\" srcset=\"https:\/\/projectes.xtec.cat\/cete\/wp-content\/uploads\/usu2644\/2023\/02\/Screenshot-10.png 760w, https:\/\/projectes.xtec.cat\/cete\/wp-content\/uploads\/usu2644\/2023\/02\/Screenshot-10-300x180.png 300w\" sizes=\"auto, (max-width: 760px) 100vw, 760px\" \/><\/a><\/p>\n<p><a href=\"https:\/\/jamboard.google.com\/d\/1EpY1j4zER-zdK9SGh8jswQfN6VGJXcPIYM3j7RwKVkA\/edit?usp=sharing\"><span style=\"font-weight: 400;\">https:\/\/jamboard.google.com\/d\/1EpY1j4zER-zdK9SGh8jswQfN6VGJXcPIYM3j7RwKVkA\/edit?usp=sharing<\/span><\/a><\/p>\n<p><span style=\"font-weight: 400;\">Finalment, vam tornar a la sala de Google Meet, on els docents van posar en com\u00fa el que s\u2019havia debatut pr\u00e8viament en cadascun dels grups. <\/span><span style=\"font-weight: 400;\">Van sorgir impressions, idees i opinions molt interessants. Va ser una sessi\u00f3 de transfer\u00e8ncia molt enriquidora.<\/span><\/p>\n<p><span style=\"font-weight: 400;\">Els docents van destacar que les mobilitats de l\u2019Erasmus van ser una experi\u00e8ncia fant\u00e0stica per aprendre molt sobre diferents aspectes i poder fer xarxa entre docents i centres.\u00a0<\/span><\/p>\n<p><span style=\"font-weight: 400;\">Els hi va resultar molt enriquidor poder veure com es posen en pr\u00e0ctica propostes que te\u00f2ricament poden semblar dif\u00edcils d&#8217;implantar, i observar com funcionen i quina \u00e9s la manera d&#8217;aplicar-les.<\/span><\/p>\n<p><span style=\"font-weight: 400;\">Tamb\u00e9 van comentar que estan intentant establir relacions amb els centres visitats, han proposat dur a terme activitats de &#8220;<\/span><i><span style=\"font-weight: 400;\">pen pals<\/span><\/i><span style=\"font-weight: 400;\">&#8221; (amics per correspond\u00e8ncia) entre el seu alumnat i els dels centres europeus. <\/span><span style=\"font-weight: 400;\">A m\u00e9s van esmentar que els hi van ser molt \u00fatils les mobilitats per aprendre noves metodologies, noves maneres d&#8217;utilitzar les eines digitals i per veure pr\u00e0ctiques tan interessants com la codoc\u00e8ncia.<\/span><\/p>\n<p><span style=\"font-weight: 400;\">Per acabar, van indicar aspectes observats que els van semblar interessants per poder aplicar en els seus centres, i d\u2019altres que van veure que en els seus centres serien dif\u00edcils d\u2019aplicar. Finalment, tamb\u00e9 van comentar propostes de millora per tenir en compte en la gesti\u00f3 i organitzaci\u00f3 de les futures mobilitats d\u2019Erasmus.<\/span><\/p>\n<p><a href=\"https:\/\/projectes.xtec.cat\/cete\/wp-content\/uploads\/usu2644\/2023\/02\/Screenshot-10-1.png\"><img loading=\"lazy\" decoding=\"async\" class=\"alignnone size-full wp-image-9487\" src=\"https:\/\/projectes.xtec.cat\/cete\/wp-content\/uploads\/usu2644\/2023\/02\/Screenshot-10-1.png\" alt=\"\" width=\"762\" height=\"306\" srcset=\"https:\/\/projectes.xtec.cat\/cete\/wp-content\/uploads\/usu2644\/2023\/02\/Screenshot-10-1.png 762w, https:\/\/projectes.xtec.cat\/cete\/wp-content\/uploads\/usu2644\/2023\/02\/Screenshot-10-1-300x120.png 300w\" sizes=\"auto, (max-width: 762px) 100vw, 762px\" \/><\/a><\/p>\n","protected":false},"excerpt":{"rendered":"<p>El passat dimarts 17 de gener de 2023 vam dur a terme, des del microconsorci MobEdu, una sessi\u00f3 de transfer\u00e8ncia telem\u00e0tica dirigida als docents que han participat en les mobilitats, als coordinadors Erasmus i altres docents d&#8217;aquests centres.<br \/>\nDocents de l&#8217;escola Maria Fortuny, de l&#8217;escola Santa&hellip;  <a href=\"https:\/\/projectes.xtec.cat\/cete\/general\/sessio-de-transferencia-mobilitats-mobedu-amb-els-centres-participants\/\" title=\"Read Sessi\u00f3 de transfer\u00e8ncia mobilitats MobEdu amb els centres participants\">Llegeix m\u00e9s\u00bb<\/a><\/p>\n","protected":false},"author":32,"featured_media":9486,"comment_status":"open","ping_status":"closed","sticky":false,"template":"","format":"standard","meta":{"_bbp_topic_count":0,"_bbp_reply_count":0,"_bbp_total_topic_count":0,"_bbp_total_reply_count":0,"_bbp_voice_count":0,"_bbp_anonymous_reply_count":0,"_bbp_topic_count_hidden":0,"_bbp_reply_count_hidden":0,"_bbp_forum_subforum_count":0,"footnotes":""},"categories":[1,294,29],"tags":[314,315],"class_list":["post-9483","post","type-post","status-publish","format-standard","has-post-thumbnail","hentry","category-general","category-mobedu","category-portada","tag-cete","tag-mobedu"],"post_mailing_queue_ids":[],"_links":{"self":[{"href":"https:\/\/projectes.xtec.cat\/cete\/wp-json\/wp\/v2\/posts\/9483","targetHints":{"allow":["GET"]}}],"collection":[{"href":"https:\/\/projectes.xtec.cat\/cete\/wp-json\/wp\/v2\/posts"}],"about":[{"href":"https:\/\/projectes.xtec.cat\/cete\/wp-json\/wp\/v2\/types\/post"}],"author":[{"embeddable":true,"href":"https:\/\/projectes.xtec.cat\/cete\/wp-json\/wp\/v2\/users\/32"}],"replies":[{"embeddable":true,"href":"https:\/\/projectes.xtec.cat\/cete\/wp-json\/wp\/v2\/comments?post=9483"}],"version-history":[{"count":3,"href":"https:\/\/projectes.xtec.cat\/cete\/wp-json\/wp\/v2\/posts\/9483\/revisions"}],"predecessor-version":[{"id":9491,"href":"https:\/\/projectes.xtec.cat\/cete\/wp-json\/wp\/v2\/posts\/9483\/revisions\/9491"}],"wp:featuredmedia":[{"embeddable":true,"href":"https:\/\/projectes.xtec.cat\/cete\/wp-json\/wp\/v2\/media\/9486"}],"wp:attachment":[{"href":"https:\/\/projectes.xtec.cat\/cete\/wp-json\/wp\/v2\/media?parent=9483"}],"wp:term":[{"taxonomy":"category","embeddable":true,"href":"https:\/\/projectes.xtec.cat\/cete\/wp-json\/wp\/v2\/categories?post=9483"},{"taxonomy":"post_tag","embeddable":true,"href":"https:\/\/projectes.xtec.cat\/cete\/wp-json\/wp\/v2\/tags?post=9483"}],"curies":[{"name":"wp","href":"https:\/\/api.w.org\/{rel}","templated":true}]}}