{"id":9498,"date":"2023-02-17T12:42:34","date_gmt":"2023-02-17T11:42:34","guid":{"rendered":"https:\/\/projectes.xtec.cat\/cete\/?p=9498"},"modified":"2023-02-17T12:42:34","modified_gmt":"2023-02-17T11:42:34","slug":"transferencia-projecte-erasmus-microconsorci-puntedu","status":"publish","type":"post","link":"https:\/\/projectes.xtec.cat\/cete\/portada\/transferencia-projecte-erasmus-microconsorci-puntedu\/","title":{"rendered":"Transfer\u00e8ncia projecte Erasmus+ Microconsorci Puntedu"},"content":{"rendered":"<p><a href=\"https:\/\/projectes.xtec.cat\/cete\/wp-content\/uploads\/usu2644\/2023\/02\/Escola-Wagner.png\"><img loading=\"lazy\" decoding=\"async\" class=\" wp-image-9499 alignleft\" src=\"https:\/\/projectes.xtec.cat\/cete\/wp-content\/uploads\/usu2644\/2023\/02\/Escola-Wagner.png\" alt=\"\" width=\"209\" height=\"153\" srcset=\"https:\/\/projectes.xtec.cat\/cete\/wp-content\/uploads\/usu2644\/2023\/02\/Escola-Wagner.png 708w, https:\/\/projectes.xtec.cat\/cete\/wp-content\/uploads\/usu2644\/2023\/02\/Escola-Wagner-300x219.png 300w\" sizes=\"auto, (max-width: 209px) 100vw, 209px\" \/><\/a>L&#8217;escola Wagner (del McPuntedu) va fer una sessi\u00f3 de transfer\u00e8ncia al seminari de biblioteques escolars de Santa Coloma de Gramenet. En aquesta sessi\u00f3 es va explicar el Job shadowing realitzat a la Vienna International School.<\/p>\n<p>Arran de la presentaci\u00f3 es va debatre i reflexionar sobre qu\u00e8 podem importar del centre observat cap a les nostres BE. Van concloure amb la convicci\u00f3 que s&#8217;ha de continuar treballant per a millorar les nostres biblioteques escolars i fer-les visibles.<\/p>\n","protected":false},"excerpt":{"rendered":"<p><a href=\"https:\/\/projectes.xtec.cat\/cete\/wp-content\/uploads\/usu2644\/2023\/02\/Escola-Wagner.png\"><\/a>L&#8217;escola Wagner (del McPuntedu) va fer una sessi\u00f3 de transfer\u00e8ncia al seminari de biblioteques escolars de Santa Coloma de Gramenet. En aquesta sessi\u00f3 es va explicar el Job shadowing realitzat a la Vienna International School.<br \/>\nArran de la presentaci\u00f3 es va debatre i reflexionar sobre&hellip;  <a href=\"https:\/\/projectes.xtec.cat\/cete\/portada\/transferencia-projecte-erasmus-microconsorci-puntedu\/\" title=\"Read Transfer\u00e8ncia projecte Erasmus+ Microconsorci Puntedu\">Llegeix m\u00e9s\u00bb<\/a><\/p>\n","protected":false},"author":14,"featured_media":9499,"comment_status":"open","ping_status":"closed","sticky":false,"template":"","format":"standard","meta":{"_bbp_topic_count":0,"_bbp_reply_count":0,"_bbp_total_topic_count":0,"_bbp_total_reply_count":0,"_bbp_voice_count":0,"_bbp_anonymous_reply_count":0,"_bbp_topic_count_hidden":0,"_bbp_reply_count_hidden":0,"_bbp_forum_subforum_count":0,"footnotes":""},"categories":[29,297],"tags":[314,310,313],"class_list":["post-9498","post","type-post","status-publish","format-standard","has-post-thumbnail","hentry","category-portada","category-puntedu","tag-cete","tag-erasmus","tag-mcpuntedu"],"post_mailing_queue_ids":[],"_links":{"self":[{"href":"https:\/\/projectes.xtec.cat\/cete\/wp-json\/wp\/v2\/posts\/9498","targetHints":{"allow":["GET"]}}],"collection":[{"href":"https:\/\/projectes.xtec.cat\/cete\/wp-json\/wp\/v2\/posts"}],"about":[{"href":"https:\/\/projectes.xtec.cat\/cete\/wp-json\/wp\/v2\/types\/post"}],"author":[{"embeddable":true,"href":"https:\/\/projectes.xtec.cat\/cete\/wp-json\/wp\/v2\/users\/14"}],"replies":[{"embeddable":true,"href":"https:\/\/projectes.xtec.cat\/cete\/wp-json\/wp\/v2\/comments?post=9498"}],"version-history":[{"count":1,"href":"https:\/\/projectes.xtec.cat\/cete\/wp-json\/wp\/v2\/posts\/9498\/revisions"}],"predecessor-version":[{"id":9500,"href":"https:\/\/projectes.xtec.cat\/cete\/wp-json\/wp\/v2\/posts\/9498\/revisions\/9500"}],"wp:featuredmedia":[{"embeddable":true,"href":"https:\/\/projectes.xtec.cat\/cete\/wp-json\/wp\/v2\/media\/9499"}],"wp:attachment":[{"href":"https:\/\/projectes.xtec.cat\/cete\/wp-json\/wp\/v2\/media?parent=9498"}],"wp:term":[{"taxonomy":"category","embeddable":true,"href":"https:\/\/projectes.xtec.cat\/cete\/wp-json\/wp\/v2\/categories?post=9498"},{"taxonomy":"post_tag","embeddable":true,"href":"https:\/\/projectes.xtec.cat\/cete\/wp-json\/wp\/v2\/tags?post=9498"}],"curies":[{"name":"wp","href":"https:\/\/api.w.org\/{rel}","templated":true}]}}