{"id":9518,"date":"2023-02-22T18:42:49","date_gmt":"2023-02-22T17:42:49","guid":{"rendered":"https:\/\/projectes.xtec.cat\/cete\/?p=9518"},"modified":"2023-02-22T18:42:49","modified_gmt":"2023-02-22T17:42:49","slug":"sessio-de-coordinacio-emailc-cete-a-linstitut-marti-lhuma-de-montblanc","status":"publish","type":"post","link":"https:\/\/projectes.xtec.cat\/cete\/portada\/sessio-de-coordinacio-emailc-cete-a-linstitut-marti-lhuma-de-montblanc\/","title":{"rendered":"Sessi\u00f3 de coordinaci\u00f3 EMAILC CETE+ a l\u2019Institut Mart\u00ed l&#8217;Hum\u00e0 de Montblanc"},"content":{"rendered":"<p><a href=\"https:\/\/projectes.xtec.cat\/cete\/wp-content\/uploads\/usu2644\/2023\/02\/image2-1.jpeg\"><img loading=\"lazy\" decoding=\"async\" class=\"wp-image-9519 alignright\" src=\"https:\/\/projectes.xtec.cat\/cete\/wp-content\/uploads\/usu2644\/2023\/02\/image2-1.jpeg\" alt=\"\" width=\"207\" height=\"155\" srcset=\"https:\/\/projectes.xtec.cat\/cete\/wp-content\/uploads\/usu2644\/2023\/02\/image2-1.jpeg 640w, https:\/\/projectes.xtec.cat\/cete\/wp-content\/uploads\/usu2644\/2023\/02\/image2-1-300x225.jpeg 300w, https:\/\/projectes.xtec.cat\/cete\/wp-content\/uploads\/usu2644\/2023\/02\/image2-1-200x150.jpeg 200w\" sizes=\"auto, (max-width: 207px) 100vw, 207px\" \/><\/a>La sessi\u00f3 d&#8217;avui dimarts 22 de coordinaci\u00f3 amb l\u2019equip impulsor del projecte Erasmus+ de l\u2019<a href=\"http:\/\/www.iesmartilhuma.org\/\">Institut Mart\u00ed l&#8217;Hum\u00e0 de Montblanc<\/a> ha estat for\u00e7a profitosa. El centre est\u00e0 decidit a apostar per la internacionalitzaci\u00f3 com una de les vies per endinsar-se en la transformaci\u00f3 educativa. Un exemple \u00e9s l&#8217;intercanvi que estan dissenyant i impulsant com a resultat del job shadowing que van realitzar el curs passat a <a href=\"https:\/\/www.hethwc.nl\/\">Hermann Wesselink College <\/a>d&#8217;Amsterdam.<\/p>\n<p>Un altre impacte d&#8217;aquesta mobilitat, sorgit en una observaci\u00f3 a l&#8217;aula, \u00e9s la futura possible reestructuraci\u00f3 de les tutories. A m\u00e9s, l&#8217;aprenentatge de la formaci\u00f3 que van fer, els est\u00e0 ajudant a elaborar materials pels projectes que estan introduint a 1r d&#8217;ESO, un dels trimestres lligat al programa AVANCEM.<\/p>\n<p><span style=\"font-family: inherit; font-size: 1em;\">Per acabar, cal destacar que l\u2019experi\u00e8ncia que est\u00e0 obtenint el centre com a membre del microconsorci EMAILC i consorci CETE, els ha animat a sol\u00b7licitar l\u2019acci\u00f3 K122 i en un futur pr\u00f2xim l\u2019acreditaci\u00f3 Erasmus.<\/span><\/p>\n<p>Enhorabona a l&#8217;equip impulsor i tota la comunitat educativa per la feina feta. Us animem a continuar transitant pel cam\u00ed de la internacionalitzaci\u00f3 i la transformaci\u00f3 educativa.<\/p>\n<p><a href=\"https:\/\/projectes.xtec.cat\/cete\/wp-content\/uploads\/usu2644\/2023\/02\/image0-4-rotated.jpeg\"><img loading=\"lazy\" decoding=\"async\" class=\" wp-image-9520 aligncenter\" src=\"https:\/\/projectes.xtec.cat\/cete\/wp-content\/uploads\/usu2644\/2023\/02\/image0-4-rotated.jpeg\" alt=\"\" width=\"288\" height=\"384\" srcset=\"https:\/\/projectes.xtec.cat\/cete\/wp-content\/uploads\/usu2644\/2023\/02\/image0-4-rotated.jpeg 480w, https:\/\/projectes.xtec.cat\/cete\/wp-content\/uploads\/usu2644\/2023\/02\/image0-4-225x300.jpeg 225w\" sizes=\"auto, (max-width: 288px) 100vw, 288px\" \/><\/a><\/p>\n","protected":false},"excerpt":{"rendered":"<p><a href=\"https:\/\/projectes.xtec.cat\/cete\/wp-content\/uploads\/usu2644\/2023\/02\/image2-1.jpeg\"><\/a>La sessi\u00f3 d&#8217;avui dimarts 22 de coordinaci\u00f3 amb l\u2019equip impulsor del projecte Erasmus+ de l\u2019<a href=\"http:\/\/www.iesmartilhuma.org\/\">Institut Mart\u00ed l&#8217;Hum\u00e0 de Montblanc<\/a> ha estat for\u00e7a profitosa. El centre est\u00e0 decidit a apostar per la internacionalitzaci\u00f3 com una de les vies per endinsar-se en la transformaci\u00f3 educativa.&hellip;  <a href=\"https:\/\/projectes.xtec.cat\/cete\/portada\/sessio-de-coordinacio-emailc-cete-a-linstitut-marti-lhuma-de-montblanc\/\" title=\"Read Sessi\u00f3 de coordinaci\u00f3 EMAILC CETE+ a l\u2019Institut Mart\u00ed l&#8217;Hum\u00e0 de Montblanc\">Llegeix m\u00e9s\u00bb<\/a><\/p>\n","protected":false},"author":15,"featured_media":9519,"comment_status":"open","ping_status":"closed","sticky":false,"template":"","format":"standard","meta":{"_bbp_topic_count":0,"_bbp_reply_count":0,"_bbp_total_topic_count":0,"_bbp_total_reply_count":0,"_bbp_voice_count":0,"_bbp_anonymous_reply_count":0,"_bbp_topic_count_hidden":0,"_bbp_reply_count_hidden":0,"_bbp_forum_subforum_count":0,"footnotes":""},"categories":[296,29],"tags":[314,316,310],"class_list":["post-9518","post","type-post","status-publish","format-standard","has-post-thumbnail","hentry","category-emailc","category-portada","tag-cete","tag-emailc","tag-erasmus"],"post_mailing_queue_ids":[],"_links":{"self":[{"href":"https:\/\/projectes.xtec.cat\/cete\/wp-json\/wp\/v2\/posts\/9518","targetHints":{"allow":["GET"]}}],"collection":[{"href":"https:\/\/projectes.xtec.cat\/cete\/wp-json\/wp\/v2\/posts"}],"about":[{"href":"https:\/\/projectes.xtec.cat\/cete\/wp-json\/wp\/v2\/types\/post"}],"author":[{"embeddable":true,"href":"https:\/\/projectes.xtec.cat\/cete\/wp-json\/wp\/v2\/users\/15"}],"replies":[{"embeddable":true,"href":"https:\/\/projectes.xtec.cat\/cete\/wp-json\/wp\/v2\/comments?post=9518"}],"version-history":[{"count":2,"href":"https:\/\/projectes.xtec.cat\/cete\/wp-json\/wp\/v2\/posts\/9518\/revisions"}],"predecessor-version":[{"id":9522,"href":"https:\/\/projectes.xtec.cat\/cete\/wp-json\/wp\/v2\/posts\/9518\/revisions\/9522"}],"wp:featuredmedia":[{"embeddable":true,"href":"https:\/\/projectes.xtec.cat\/cete\/wp-json\/wp\/v2\/media\/9519"}],"wp:attachment":[{"href":"https:\/\/projectes.xtec.cat\/cete\/wp-json\/wp\/v2\/media?parent=9518"}],"wp:term":[{"taxonomy":"category","embeddable":true,"href":"https:\/\/projectes.xtec.cat\/cete\/wp-json\/wp\/v2\/categories?post=9518"},{"taxonomy":"post_tag","embeddable":true,"href":"https:\/\/projectes.xtec.cat\/cete\/wp-json\/wp\/v2\/tags?post=9518"}],"curies":[{"name":"wp","href":"https:\/\/api.w.org\/{rel}","templated":true}]}}