{"id":9523,"date":"2023-02-28T18:54:13","date_gmt":"2023-02-28T17:54:13","guid":{"rendered":"https:\/\/projectes.xtec.cat\/cete\/?p=9523"},"modified":"2023-02-28T19:54:33","modified_gmt":"2023-02-28T18:54:33","slug":"sessio-de-coordinacio-emailc-cete-a-linstitut-sales-i-xandri-de-sant-quirze-del-valles","status":"publish","type":"post","link":"https:\/\/projectes.xtec.cat\/cete\/portada\/sessio-de-coordinacio-emailc-cete-a-linstitut-sales-i-xandri-de-sant-quirze-del-valles\/","title":{"rendered":"Sessi\u00f3 de coordinaci\u00f3 EMAILC CETE+ a l\u2019Institut Sales i Xandri de Sant Quirze del Vall\u00e8s"},"content":{"rendered":"<p><a href=\"https:\/\/projectes.xtec.cat\/cete\/wp-content\/uploads\/usu2644\/2023\/02\/salas1-rotated.jpeg\"><img loading=\"lazy\" decoding=\"async\" class=\"wp-image-9525 alignleft\" src=\"https:\/\/projectes.xtec.cat\/cete\/wp-content\/uploads\/usu2644\/2023\/02\/salas1-rotated.jpeg\" alt=\"\" width=\"228\" height=\"304\" srcset=\"https:\/\/projectes.xtec.cat\/cete\/wp-content\/uploads\/usu2644\/2023\/02\/salas1-rotated.jpeg 480w, https:\/\/projectes.xtec.cat\/cete\/wp-content\/uploads\/usu2644\/2023\/02\/salas1-225x300.jpeg 225w\" sizes=\"auto, (max-width: 228px) 100vw, 228px\" \/><\/a>La sessi\u00f3\u00a0 amb l\u2019equip impulsor del projecte Erasmus+ de l\u2019<a href=\"https:\/\/agora.xtec.cat\/ins-salasixandri\/\">Institut Salas i Xandri<\/a> de Sant Quirze del Vall\u00e8s ha resultat molt interessant. Les mobilitats realitzades el curs passat, els han emp\u00e8s a apostar per la internacionalitzaci\u00f3 del centre, per exemple, han comen\u00e7at a intercanviar material did\u00e0ctic amb un centre educatiu d&#8217;Hongria i a plantejar-se fer activitats conjuntes. A m\u00e9s, tant l&#8217;aprenentatge del job shadowing, fet en un institut de Mil\u00e0, com la formaci\u00f3 a Dubl\u00edn, els est\u00e0 ajudant a crear materials que ja estan introduint a l&#8217;aula. Un exemple \u00e9s l&#8217;elaboraci\u00f3 d&#8217;instruccions en llengua anglesa perqu\u00e8 l&#8217;alumnat de 3r d&#8217;ESO pugui dirigir i executar l&#8217;activitat de Mindfulness amb alumnat de prim\u00e0ria.<\/p>\n<p>Aix\u00ed mateix, \u00e9s important assenyalar que, amb la seva participaci\u00f3 com a membre del\u00a0<span class=\"hiddenSpellError\">microconsorci<\/span>\u00a0<span class=\"hiddenSpellError\">EMAILC<\/span>\u00a0i el consorci\u00a0<span class=\"hiddenSpellError\">CETE<\/span>, l&#8217;institut ha adquirit una valuosa experi\u00e8ncia que li permetr\u00e0 sol\u00b7licitar l&#8217;acreditaci\u00f3 Erasmus al llarg d&#8217;aquest mateix any.<\/p>\n<p>Enhorabona a l\u2019equip impulsor i tota la comunitat educativa per la feina que esteu duent a terme a l&#8217;institut. Us animem a continuar treballant en la transformaci\u00f3 educativa del vostre centre.<\/p>\n<p><a href=\"https:\/\/projectes.xtec.cat\/cete\/wp-content\/uploads\/usu2644\/2023\/02\/salas3.jpeg\"><img loading=\"lazy\" decoding=\"async\" class=\"wp-image-9527 alignleft\" src=\"https:\/\/projectes.xtec.cat\/cete\/wp-content\/uploads\/usu2644\/2023\/02\/salas3.jpeg\" alt=\"\" width=\"286\" height=\"214\" srcset=\"https:\/\/projectes.xtec.cat\/cete\/wp-content\/uploads\/usu2644\/2023\/02\/salas3.jpeg 640w, https:\/\/projectes.xtec.cat\/cete\/wp-content\/uploads\/usu2644\/2023\/02\/salas3-300x225.jpeg 300w, https:\/\/projectes.xtec.cat\/cete\/wp-content\/uploads\/usu2644\/2023\/02\/salas3-200x150.jpeg 200w\" sizes=\"auto, (max-width: 286px) 100vw, 286px\" \/><\/a><a href=\"https:\/\/projectes.xtec.cat\/cete\/wp-content\/uploads\/usu2644\/2023\/02\/salas2.jpeg\"><img loading=\"lazy\" decoding=\"async\" class=\"wp-image-9526 alignnone\" src=\"https:\/\/projectes.xtec.cat\/cete\/wp-content\/uploads\/usu2644\/2023\/02\/salas2.jpeg\" alt=\"\" width=\"296\" height=\"222\" srcset=\"https:\/\/projectes.xtec.cat\/cete\/wp-content\/uploads\/usu2644\/2023\/02\/salas2.jpeg 640w, https:\/\/projectes.xtec.cat\/cete\/wp-content\/uploads\/usu2644\/2023\/02\/salas2-300x225.jpeg 300w, https:\/\/projectes.xtec.cat\/cete\/wp-content\/uploads\/usu2644\/2023\/02\/salas2-200x150.jpeg 200w\" sizes=\"auto, (max-width: 296px) 100vw, 296px\" \/><\/a><\/p>\n","protected":false},"excerpt":{"rendered":"<p><a href=\"https:\/\/projectes.xtec.cat\/cete\/wp-content\/uploads\/usu2644\/2023\/02\/salas1-rotated.jpeg\"><\/a>La sessi\u00f3\u00a0 amb l\u2019equip impulsor del projecte Erasmus+ de l\u2019<a href=\"https:\/\/agora.xtec.cat\/ins-salasixandri\/\">Institut Salas i Xandri<\/a> de Sant Quirze del Vall\u00e8s ha resultat molt interessant. Les mobilitats realitzades el curs passat, els han emp\u00e8s a apostar per la internacionalitzaci\u00f3 del centre, per exemple, han comen\u00e7at a&hellip;  <a href=\"https:\/\/projectes.xtec.cat\/cete\/portada\/sessio-de-coordinacio-emailc-cete-a-linstitut-sales-i-xandri-de-sant-quirze-del-valles\/\" title=\"Read Sessi\u00f3 de coordinaci\u00f3 EMAILC CETE+ a l\u2019Institut Sales i Xandri de Sant Quirze del Vall\u00e8s\">Llegeix m\u00e9s\u00bb<\/a><\/p>\n","protected":false},"author":15,"featured_media":9526,"comment_status":"open","ping_status":"closed","sticky":false,"template":"","format":"standard","meta":{"_bbp_topic_count":0,"_bbp_reply_count":0,"_bbp_total_topic_count":0,"_bbp_total_reply_count":0,"_bbp_voice_count":0,"_bbp_anonymous_reply_count":0,"_bbp_topic_count_hidden":0,"_bbp_reply_count_hidden":0,"_bbp_forum_subforum_count":0,"footnotes":""},"categories":[296,29],"tags":[],"class_list":["post-9523","post","type-post","status-publish","format-standard","has-post-thumbnail","hentry","category-emailc","category-portada"],"post_mailing_queue_ids":[],"_links":{"self":[{"href":"https:\/\/projectes.xtec.cat\/cete\/wp-json\/wp\/v2\/posts\/9523","targetHints":{"allow":["GET"]}}],"collection":[{"href":"https:\/\/projectes.xtec.cat\/cete\/wp-json\/wp\/v2\/posts"}],"about":[{"href":"https:\/\/projectes.xtec.cat\/cete\/wp-json\/wp\/v2\/types\/post"}],"author":[{"embeddable":true,"href":"https:\/\/projectes.xtec.cat\/cete\/wp-json\/wp\/v2\/users\/15"}],"replies":[{"embeddable":true,"href":"https:\/\/projectes.xtec.cat\/cete\/wp-json\/wp\/v2\/comments?post=9523"}],"version-history":[{"count":3,"href":"https:\/\/projectes.xtec.cat\/cete\/wp-json\/wp\/v2\/posts\/9523\/revisions"}],"predecessor-version":[{"id":9536,"href":"https:\/\/projectes.xtec.cat\/cete\/wp-json\/wp\/v2\/posts\/9523\/revisions\/9536"}],"wp:featuredmedia":[{"embeddable":true,"href":"https:\/\/projectes.xtec.cat\/cete\/wp-json\/wp\/v2\/media\/9526"}],"wp:attachment":[{"href":"https:\/\/projectes.xtec.cat\/cete\/wp-json\/wp\/v2\/media?parent=9523"}],"wp:term":[{"taxonomy":"category","embeddable":true,"href":"https:\/\/projectes.xtec.cat\/cete\/wp-json\/wp\/v2\/categories?post=9523"},{"taxonomy":"post_tag","embeddable":true,"href":"https:\/\/projectes.xtec.cat\/cete\/wp-json\/wp\/v2\/tags?post=9523"}],"curies":[{"name":"wp","href":"https:\/\/api.w.org\/{rel}","templated":true}]}}