{"id":9537,"date":"2023-03-02T18:50:10","date_gmt":"2023-03-02T17:50:10","guid":{"rendered":"https:\/\/projectes.xtec.cat\/cete\/?p=9537"},"modified":"2023-03-02T19:43:05","modified_gmt":"2023-03-02T18:43:05","slug":"sessio-de-coordinacio-emailc-cete-a-lescola-guillem-fortuny-de-cambrils","status":"publish","type":"post","link":"https:\/\/projectes.xtec.cat\/cete\/portada\/sessio-de-coordinacio-emailc-cete-a-lescola-guillem-fortuny-de-cambrils\/","title":{"rendered":"Sessi\u00f3 de coordinaci\u00f3 EMAILC CETE+ a l&#8217;Escola Guillem Fortuny de Cambrils"},"content":{"rendered":"<p><span style=\"font-weight: 400;\"><a href=\"https:\/\/projectes.xtec.cat\/cete\/wp-content\/uploads\/usu2644\/2023\/03\/image4-rotated.jpeg\"><img loading=\"lazy\" decoding=\"async\" class=\"wp-image-9540 alignleft\" src=\"https:\/\/projectes.xtec.cat\/cete\/wp-content\/uploads\/usu2644\/2023\/03\/image4-rotated.jpeg\" alt=\"\" width=\"178\" height=\"237\" srcset=\"https:\/\/projectes.xtec.cat\/cete\/wp-content\/uploads\/usu2644\/2023\/03\/image4-rotated.jpeg 480w, https:\/\/projectes.xtec.cat\/cete\/wp-content\/uploads\/usu2644\/2023\/03\/image4-225x300.jpeg 225w\" sizes=\"auto, (max-width: 178px) 100vw, 178px\" \/><\/a>Avui hem assistit a la sessi\u00f3 de coordinaci\u00f3\u00a0 amb l\u2019equip impulsor del projecte Erasmus+ de l&#8217;<a href=\"https:\/\/agora.xtec.cat\/escguillemfortuny\/\">Escola Guillem Fortuny<\/a> de Cambrils, i hem estat testimonis de l&#8217;impacte directe a l&#8217;aula del programa Erasmus+ a partir dels aprenentatges obtinguts en les dues mobilitats fetes el curs passat. A partir de les idees agafades durant el job shadowing a Sal\u00f2nica i la formaci\u00f3 a Dubl\u00edn, l&#8217;alumnat i les seves docents han estat capa\u00e7os de reinventar l\u2019hort a trav\u00e9s de l\u2019estudi dels insectes. Aquest projecte innovador permet a l&#8217;alumnat treballar els h\u00e0bitats, les matem\u00e0tiques i la llengua anglesa de manera transversal, aix\u00ed com introduir eines digitals que van ser practicades durant la formaci\u00f3.<\/span><\/p>\n<p>Volem agrair a l&#8217;alumnat de 2n A per convidar-nos a entrar a la seva aula i mostrar-nos com interaccionen en angl\u00e8s utilitzant les plataformes Edpuzzle i Plickers. A m\u00e9s d&#8217;aquestes eines, volem destacar el material de suport ling\u00fc\u00edstic dissenyat a partir de les observacions realitzades durant les mobilitats Erasmus. Finalment, \u00e9s important assenyalar que l&#8217;alumnat presentar\u00e0 aquest projecte en el F\u00f2rum d&#8217;Escoles Verdes que se celebrar\u00e0 el 9 de mar\u00e7 a Salou.<\/p>\n<p>Cal remarcar la difusi\u00f3 que s&#8217;ha fet d&#8217;aquests aprenentatges a la resta del claustre per tal que puguin ser experimentats. La coordinadora del projecte ens ha transm\u00e8s els beneficis i l&#8217;impacte real que les seves experi\u00e8ncies Erasmus estan tenint a l&#8217;aula.<\/p>\n<p>Volem donar-vos les gr\u00e0cies per la rebuda i felicitar-vos per la dedicaci\u00f3 que heu posat en la creaci\u00f3 d&#8217;aquest magn\u00edfic projecte.<\/p>\n<p><a href=\"https:\/\/projectes.xtec.cat\/cete\/wp-content\/uploads\/usu2644\/2023\/03\/image0-6-rotated.jpeg\"><img loading=\"lazy\" decoding=\"async\" class=\"wp-image-9538 alignleft\" src=\"https:\/\/projectes.xtec.cat\/cete\/wp-content\/uploads\/usu2644\/2023\/03\/image0-6-rotated.jpeg\" alt=\"\" width=\"183\" height=\"244\" srcset=\"https:\/\/projectes.xtec.cat\/cete\/wp-content\/uploads\/usu2644\/2023\/03\/image0-6-rotated.jpeg 480w, https:\/\/projectes.xtec.cat\/cete\/wp-content\/uploads\/usu2644\/2023\/03\/image0-6-225x300.jpeg 225w\" sizes=\"auto, (max-width: 183px) 100vw, 183px\" \/><\/a><a href=\"https:\/\/projectes.xtec.cat\/cete\/wp-content\/uploads\/usu2644\/2023\/03\/image5-rotated.jpeg\"><img loading=\"lazy\" decoding=\"async\" class=\"alignnone wp-image-9541\" src=\"https:\/\/projectes.xtec.cat\/cete\/wp-content\/uploads\/usu2644\/2023\/03\/image5-rotated.jpeg\" alt=\"\" width=\"186\" height=\"248\" srcset=\"https:\/\/projectes.xtec.cat\/cete\/wp-content\/uploads\/usu2644\/2023\/03\/image5-rotated.jpeg 480w, https:\/\/projectes.xtec.cat\/cete\/wp-content\/uploads\/usu2644\/2023\/03\/image5-225x300.jpeg 225w\" sizes=\"auto, (max-width: 186px) 100vw, 186px\" \/><\/a><a href=\"https:\/\/projectes.xtec.cat\/cete\/wp-content\/uploads\/usu2644\/2023\/03\/image2-2.jpeg\"><img loading=\"lazy\" decoding=\"async\" class=\"wp-image-9539 alignleft\" src=\"https:\/\/projectes.xtec.cat\/cete\/wp-content\/uploads\/usu2644\/2023\/03\/image2-2.jpeg\" alt=\"\" width=\"315\" height=\"236\" srcset=\"https:\/\/projectes.xtec.cat\/cete\/wp-content\/uploads\/usu2644\/2023\/03\/image2-2.jpeg 640w, https:\/\/projectes.xtec.cat\/cete\/wp-content\/uploads\/usu2644\/2023\/03\/image2-2-300x225.jpeg 300w, https:\/\/projectes.xtec.cat\/cete\/wp-content\/uploads\/usu2644\/2023\/03\/image2-2-200x150.jpeg 200w\" sizes=\"auto, (max-width: 315px) 100vw, 315px\" \/><\/a><\/p>\n","protected":false},"excerpt":{"rendered":"<p><a href=\"https:\/\/projectes.xtec.cat\/cete\/wp-content\/uploads\/usu2644\/2023\/03\/image4-rotated.jpeg\"><\/a>Avui hem assistit a la sessi\u00f3 de coordinaci\u00f3\u00a0 amb l\u2019equip impulsor del projecte Erasmus+ de l&#8217;<a href=\"https:\/\/agora.xtec.cat\/escguillemfortuny\/\">Escola Guillem Fortuny<\/a> de Cambrils, i hem estat testimonis de l&#8217;impacte directe a l&#8217;aula del programa Erasmus+ a partir dels aprenentatges obtinguts en les dues mobilitats fetes el&hellip;  <a href=\"https:\/\/projectes.xtec.cat\/cete\/portada\/sessio-de-coordinacio-emailc-cete-a-lescola-guillem-fortuny-de-cambrils\/\" title=\"Read Sessi\u00f3 de coordinaci\u00f3 EMAILC CETE+ a l&#8217;Escola Guillem Fortuny de Cambrils\">Llegeix m\u00e9s\u00bb<\/a><\/p>\n","protected":false},"author":15,"featured_media":9540,"comment_status":"open","ping_status":"closed","sticky":false,"template":"","format":"standard","meta":{"_bbp_topic_count":0,"_bbp_reply_count":0,"_bbp_total_topic_count":0,"_bbp_total_reply_count":0,"_bbp_voice_count":0,"_bbp_anonymous_reply_count":0,"_bbp_topic_count_hidden":0,"_bbp_reply_count_hidden":0,"_bbp_forum_subforum_count":0,"footnotes":""},"categories":[296,29],"tags":[],"class_list":["post-9537","post","type-post","status-publish","format-standard","has-post-thumbnail","hentry","category-emailc","category-portada"],"post_mailing_queue_ids":[],"_links":{"self":[{"href":"https:\/\/projectes.xtec.cat\/cete\/wp-json\/wp\/v2\/posts\/9537","targetHints":{"allow":["GET"]}}],"collection":[{"href":"https:\/\/projectes.xtec.cat\/cete\/wp-json\/wp\/v2\/posts"}],"about":[{"href":"https:\/\/projectes.xtec.cat\/cete\/wp-json\/wp\/v2\/types\/post"}],"author":[{"embeddable":true,"href":"https:\/\/projectes.xtec.cat\/cete\/wp-json\/wp\/v2\/users\/15"}],"replies":[{"embeddable":true,"href":"https:\/\/projectes.xtec.cat\/cete\/wp-json\/wp\/v2\/comments?post=9537"}],"version-history":[{"count":3,"href":"https:\/\/projectes.xtec.cat\/cete\/wp-json\/wp\/v2\/posts\/9537\/revisions"}],"predecessor-version":[{"id":9546,"href":"https:\/\/projectes.xtec.cat\/cete\/wp-json\/wp\/v2\/posts\/9537\/revisions\/9546"}],"wp:featuredmedia":[{"embeddable":true,"href":"https:\/\/projectes.xtec.cat\/cete\/wp-json\/wp\/v2\/media\/9540"}],"wp:attachment":[{"href":"https:\/\/projectes.xtec.cat\/cete\/wp-json\/wp\/v2\/media?parent=9537"}],"wp:term":[{"taxonomy":"category","embeddable":true,"href":"https:\/\/projectes.xtec.cat\/cete\/wp-json\/wp\/v2\/categories?post=9537"},{"taxonomy":"post_tag","embeddable":true,"href":"https:\/\/projectes.xtec.cat\/cete\/wp-json\/wp\/v2\/tags?post=9537"}],"curies":[{"name":"wp","href":"https:\/\/api.w.org\/{rel}","templated":true}]}}