{"id":9547,"date":"2023-03-05T20:26:37","date_gmt":"2023-03-05T19:26:37","guid":{"rendered":"https:\/\/projectes.xtec.cat\/cete\/?p=9547"},"modified":"2023-03-05T20:28:30","modified_gmt":"2023-03-05T19:28:30","slug":"jornada-de-transferencia-cete-mc-mald","status":"publish","type":"post","link":"https:\/\/projectes.xtec.cat\/cete\/general\/jornada-de-transferencia-cete-mc-mald\/","title":{"rendered":"Jornada de Transfer\u00e8ncia CETE+  MC MALD"},"content":{"rendered":"<p>&nbsp;<\/p>\n<p style=\"text-align: center;\"><a href=\"https:\/\/projectes.xtec.cat\/cete\/wp-content\/uploads\/usu2644\/2023\/03\/b08ece68-08a3-475e-a0c2-5b46a3a0fd91-1.jpg\"><img loading=\"lazy\" decoding=\"async\" class=\"wp-image-9548 aligncenter\" src=\"https:\/\/projectes.xtec.cat\/cete\/wp-content\/uploads\/usu2644\/2023\/03\/b08ece68-08a3-475e-a0c2-5b46a3a0fd91-1.jpg\" alt=\"\" width=\"539\" height=\"404\" srcset=\"https:\/\/projectes.xtec.cat\/cete\/wp-content\/uploads\/usu2644\/2023\/03\/b08ece68-08a3-475e-a0c2-5b46a3a0fd91-1.jpg 1024w, https:\/\/projectes.xtec.cat\/cete\/wp-content\/uploads\/usu2644\/2023\/03\/b08ece68-08a3-475e-a0c2-5b46a3a0fd91-1-300x225.jpg 300w, https:\/\/projectes.xtec.cat\/cete\/wp-content\/uploads\/usu2644\/2023\/03\/b08ece68-08a3-475e-a0c2-5b46a3a0fd91-1-768x576.jpg 768w, https:\/\/projectes.xtec.cat\/cete\/wp-content\/uploads\/usu2644\/2023\/03\/b08ece68-08a3-475e-a0c2-5b46a3a0fd91-1-200x150.jpg 200w\" sizes=\"auto, (max-width: 539px) 100vw, 539px\" \/><\/a><\/p>\n<p>\u00a0 \u00a0El 28 de febrer va tenir lloc la Jornada de Transfer\u00e8ncia CETE + 21 de l&#8217;equip MALD al Departament d&#8217;Educaci\u00f3. Hi van assistir Director\/es, Coordinador\/es i docents que han participat en les mobilitats del projecte dels centres educatius que formen part del microconsorci, com ara, INS Gabriel Ferrater i Soler, INS Guissona, INS Llan\u00e7\u00e0, INS Manolo Hugu\u00e9, INS Mediterr\u00e0nia i INS Pere Borrell amb l&#8217;objectiu de reflexionar i analitzar la implementaci\u00f3 de les accions de projecte des de dos nivells; microconsorci i centre educatiu, aix\u00ed com presentar les mobilitats implementades, els coneixements adquirits i la implementaci\u00f3 i la integraci\u00f3 dels resultats al centre.<\/p>\n<p style=\"text-align: center;\"><a href=\"https:\/\/projectes.xtec.cat\/cete\/wp-content\/uploads\/usu2644\/2023\/03\/imageedit_1_5068540775.jpg\"><img loading=\"lazy\" decoding=\"async\" class=\"alignnone wp-image-9550\" src=\"https:\/\/projectes.xtec.cat\/cete\/wp-content\/uploads\/usu2644\/2023\/03\/imageedit_1_5068540775.jpg\" alt=\"\" width=\"542\" height=\"406\" srcset=\"https:\/\/projectes.xtec.cat\/cete\/wp-content\/uploads\/usu2644\/2023\/03\/imageedit_1_5068540775.jpg 583w, https:\/\/projectes.xtec.cat\/cete\/wp-content\/uploads\/usu2644\/2023\/03\/imageedit_1_5068540775-300x225.jpg 300w, https:\/\/projectes.xtec.cat\/cete\/wp-content\/uploads\/usu2644\/2023\/03\/imageedit_1_5068540775-200x150.jpg 200w\" sizes=\"auto, (max-width: 542px) 100vw, 542px\" \/><\/a><\/p>\n<p>\u00a0 \u00a0L&#8217;acte d&#8217;obertura de la Jornada ha estat a c\u00e0rrec de Covadonga Gonz\u00e1lez, coordinadora del projecte CETE+ del Departament d&#8217;Educaci\u00f3, qui ha mostrat quin s\u00f3n els objectius del projecte Erasmus, i com es troben alineats amb objectius del nostre microconsorci. Durant les intervencions, els i les assistents de cada centre educatiu han perfilat el seu centre, han explicat el seu pla d&#8217;acci\u00f3 (necessitats, objectius, resultats esperats i impacte) i s&#8217;ha valorat la transferibilitat d&#8217;aquestes accions a altres centres del microconsorci.<\/p>\n<p><a href=\"https:\/\/projectes.xtec.cat\/cete\/wp-content\/uploads\/usu2644\/2023\/03\/imageedit_3_8970339072.jpg\"><img loading=\"lazy\" decoding=\"async\" class=\" wp-image-9552 aligncenter\" src=\"https:\/\/projectes.xtec.cat\/cete\/wp-content\/uploads\/usu2644\/2023\/03\/imageedit_3_8970339072.jpg\" alt=\"\" width=\"522\" height=\"392\" srcset=\"https:\/\/projectes.xtec.cat\/cete\/wp-content\/uploads\/usu2644\/2023\/03\/imageedit_3_8970339072.jpg 541w, https:\/\/projectes.xtec.cat\/cete\/wp-content\/uploads\/usu2644\/2023\/03\/imageedit_3_8970339072-300x225.jpg 300w, https:\/\/projectes.xtec.cat\/cete\/wp-content\/uploads\/usu2644\/2023\/03\/imageedit_3_8970339072-200x150.jpg 200w\" sizes=\"auto, (max-width: 522px) 100vw, 522px\" \/><\/a><\/p>\n<p>Tamb\u00e9 hem treballat en grups per analitzar amb m\u00e9s detall quin s\u00f3n els aspectes m\u00e9s rellevants dins dels tres \u00e0mbits de millora i impacte que s\u00f3n fonamentals en la implementaci\u00f3 del projecte al centre educatiu: \u00e0mbit de gesti\u00f3 i organitzaci\u00f3, \u00e0mbit metodol\u00f2gic i did\u00e0ctic, i \u00e0mbit d&#8217;aprenentatge de l&#8217;alumnat, i hem tret <a href=\"https:\/\/docs.google.com\/document\/d\/1br4jmACCTOrLqM-jvpfr9bbp1gkdJWgbZH7X6YfqcDI\/edit?usp=sharing\">molt profitoses conclusions<\/a>.<\/p>\n<p>Veritablement aquesta Jornada ha estat un tomb per al nostre equip MALD i agra\u00efm molt l&#8217;actitud proactiva i col\u00b7laboradora de tots i totes. Moltes gr\u00e0cies a tothom!<\/p>\n<p>&nbsp;<\/p>\n<p>&nbsp;<\/p>\n<p>&nbsp;<\/p>\n","protected":false},"excerpt":{"rendered":"<p>&nbsp;<br \/>\n<a href=\"https:\/\/projectes.xtec.cat\/cete\/wp-content\/uploads\/usu2644\/2023\/03\/b08ece68-08a3-475e-a0c2-5b46a3a0fd91-1.jpg\"><\/a><br \/>\n\u00a0 \u00a0El 28 de febrer va tenir lloc la Jornada de Transfer\u00e8ncia CETE + 21 de l&#8217;equip MALD al Departament d&#8217;Educaci\u00f3. Hi van assistir Director\/es, Coordinador\/es i docents que han participat en les mobilitats del projecte dels centres educatius que formen part del microconsorci,&hellip;  <a href=\"https:\/\/projectes.xtec.cat\/cete\/general\/jornada-de-transferencia-cete-mc-mald\/\" title=\"Read Jornada de Transfer\u00e8ncia CETE+  MC MALD\">Llegeix m\u00e9s\u00bb<\/a><\/p>\n","protected":false},"author":1,"featured_media":9548,"comment_status":"open","ping_status":"closed","sticky":false,"template":"","format":"standard","meta":{"_bbp_topic_count":0,"_bbp_reply_count":0,"_bbp_total_topic_count":0,"_bbp_total_reply_count":0,"_bbp_voice_count":0,"_bbp_anonymous_reply_count":0,"_bbp_topic_count_hidden":0,"_bbp_reply_count_hidden":0,"_bbp_forum_subforum_count":0,"footnotes":""},"categories":[1,298,29],"tags":[314,310,317],"class_list":["post-9547","post","type-post","status-publish","format-standard","has-post-thumbnail","hentry","category-general","category-mald","category-portada","tag-cete","tag-erasmus","tag-mald"],"post_mailing_queue_ids":[],"_links":{"self":[{"href":"https:\/\/projectes.xtec.cat\/cete\/wp-json\/wp\/v2\/posts\/9547","targetHints":{"allow":["GET"]}}],"collection":[{"href":"https:\/\/projectes.xtec.cat\/cete\/wp-json\/wp\/v2\/posts"}],"about":[{"href":"https:\/\/projectes.xtec.cat\/cete\/wp-json\/wp\/v2\/types\/post"}],"author":[{"embeddable":true,"href":"https:\/\/projectes.xtec.cat\/cete\/wp-json\/wp\/v2\/users\/1"}],"replies":[{"embeddable":true,"href":"https:\/\/projectes.xtec.cat\/cete\/wp-json\/wp\/v2\/comments?post=9547"}],"version-history":[{"count":3,"href":"https:\/\/projectes.xtec.cat\/cete\/wp-json\/wp\/v2\/posts\/9547\/revisions"}],"predecessor-version":[{"id":9555,"href":"https:\/\/projectes.xtec.cat\/cete\/wp-json\/wp\/v2\/posts\/9547\/revisions\/9555"}],"wp:featuredmedia":[{"embeddable":true,"href":"https:\/\/projectes.xtec.cat\/cete\/wp-json\/wp\/v2\/media\/9548"}],"wp:attachment":[{"href":"https:\/\/projectes.xtec.cat\/cete\/wp-json\/wp\/v2\/media?parent=9547"}],"wp:term":[{"taxonomy":"category","embeddable":true,"href":"https:\/\/projectes.xtec.cat\/cete\/wp-json\/wp\/v2\/categories?post=9547"},{"taxonomy":"post_tag","embeddable":true,"href":"https:\/\/projectes.xtec.cat\/cete\/wp-json\/wp\/v2\/tags?post=9547"}],"curies":[{"name":"wp","href":"https:\/\/api.w.org\/{rel}","templated":true}]}}