{"id":9574,"date":"2023-03-15T18:31:57","date_gmt":"2023-03-15T17:31:57","guid":{"rendered":"https:\/\/projectes.xtec.cat\/cete\/?p=9574"},"modified":"2023-03-15T18:38:27","modified_gmt":"2023-03-15T17:38:27","slug":"sessio-de-coordinacio-amb-lequip-impulsor-del-projecte-erasmus-de-linstitut-sant-elm-de-sant-feliu-de-guixols","status":"publish","type":"post","link":"https:\/\/projectes.xtec.cat\/cete\/portada\/sessio-de-coordinacio-amb-lequip-impulsor-del-projecte-erasmus-de-linstitut-sant-elm-de-sant-feliu-de-guixols\/","title":{"rendered":"Sessi\u00f3 de coordinaci\u00f3 EMAILC CETE+ a l&#8217;Institut Sant Elm de Sant Feliu de Gu\u00edxols"},"content":{"rendered":"<p><span style=\"font-weight: 400;\"><a href=\"https:\/\/projectes.xtec.cat\/cete\/wp-content\/uploads\/usu2644\/2023\/03\/IMG_5630.jpg\"><img loading=\"lazy\" decoding=\"async\" class=\"wp-image-9575 alignleft\" src=\"https:\/\/projectes.xtec.cat\/cete\/wp-content\/uploads\/usu2644\/2023\/03\/IMG_5630.jpg\" alt=\"\" width=\"301\" height=\"226\" srcset=\"https:\/\/projectes.xtec.cat\/cete\/wp-content\/uploads\/usu2644\/2023\/03\/IMG_5630.jpg 640w, https:\/\/projectes.xtec.cat\/cete\/wp-content\/uploads\/usu2644\/2023\/03\/IMG_5630-300x225.jpg 300w, https:\/\/projectes.xtec.cat\/cete\/wp-content\/uploads\/usu2644\/2023\/03\/IMG_5630-200x150.jpg 200w\" sizes=\"auto, (max-width: 301px) 100vw, 301px\" \/><\/a>En la sessi\u00f3 de coordinaci\u00f3 d\u2019avui amb l&#8217;equip impulsor del projecte Erasmus+ de l&#8217;<a href=\"https:\/\/agora.xtec.cat\/ies-santelm\/\">Institut Sant Elm<\/a> de Sant Feliu de Gu\u00edxols, ens han explicat que l&#8217;alumnat de 4t d&#8217;ESO i 1r de Batxillerat participar\u00e0 en el primer intercanvi del centre, programat per aquest mes d&#8217;abril, resultat dels contactes i les col\u00b7laboracions establertes durant la mobilitat que van fer a l&#8217;<a href=\"https:\/\/www.hethwc.nl\/\">Escola Hermann Wesselink<\/a> d&#8217;Amsterdam el maig passat. Per tant, aquest intercanvi \u00e9s fruit de la seva experi\u00e8ncia al consorci CETE i al microconsorci EMAILC. \u00c9s evident que\u00a0 tindr\u00e0 un impacte altament benefici\u00f3s per a l&#8217;alumnat i per al mateix institut. Aix\u00ed mateix, el fet de ser testimonis de la rigorositat en el compliment de les normes i<\/span><span style=\"font-weight: 400;\"> la gran import\u00e0ncia social que t\u00e9 l\u2019educaci\u00f3 en tota la comunitat al voltant del centre neerland\u00e8s, els ha portat a reflexionar profundament sobre aquests aspectes.\u00a0<\/span><\/p>\n<p><span style=\"font-weight: 400;\">D\u2019altra banda, <\/span><span style=\"font-weight: 400;\">a partir de la formaci\u00f3 que la coordinadora Erasmus del centre va realitzar a Nafplio (Gr\u00e8cia), s\u2019han pogut introduir noves eines i estrat\u00e8gies per afavorir la inclusi\u00f3 de l\u2019alumnat diagnosticat amb disl\u00e8xia de l\u2019institut. A m\u00e9s, \u00e9s important assenyalar que la participaci\u00f3 en les mobilitats amb altres docents de centres del microconsorci est\u00e0 afavorint contactes per futures col\u00b7laboracions entre centres.<\/span><\/p>\n<p>Finalment, el mateix director ens ha fet saber que l&#8217;experi\u00e8ncia obtinguda en el microconsorci els ha emp\u00e8s a decidir sol\u00b7licitar l&#8217;acreditaci\u00f3 Erasmus en la pr\u00f2xima convocat\u00f2ria. Volem agrair la vostra rebuda i donar-vos l&#8217;enhorabona per tota la feina que esteu duent a terme en aquest institut que crea vincles en un enclavament tan excepcional.<\/p>\n<p><a href=\"https:\/\/projectes.xtec.cat\/cete\/wp-content\/uploads\/usu2644\/2023\/03\/IMG_5636.jpg\"><img loading=\"lazy\" decoding=\"async\" class=\"wp-image-9578 alignnone\" src=\"https:\/\/projectes.xtec.cat\/cete\/wp-content\/uploads\/usu2644\/2023\/03\/IMG_5636.jpg\" alt=\"\" width=\"231\" height=\"173\" srcset=\"https:\/\/projectes.xtec.cat\/cete\/wp-content\/uploads\/usu2644\/2023\/03\/IMG_5636.jpg 640w, https:\/\/projectes.xtec.cat\/cete\/wp-content\/uploads\/usu2644\/2023\/03\/IMG_5636-300x225.jpg 300w, https:\/\/projectes.xtec.cat\/cete\/wp-content\/uploads\/usu2644\/2023\/03\/IMG_5636-200x150.jpg 200w\" sizes=\"auto, (max-width: 231px) 100vw, 231px\" \/><\/a><a href=\"https:\/\/projectes.xtec.cat\/cete\/wp-content\/uploads\/usu2644\/2023\/03\/IMG_5631.jpg\"><img loading=\"lazy\" decoding=\"async\" class=\"wp-image-9576 alignleft\" src=\"https:\/\/projectes.xtec.cat\/cete\/wp-content\/uploads\/usu2644\/2023\/03\/IMG_5631.jpg\" alt=\"\" width=\"360\" height=\"270\" srcset=\"https:\/\/projectes.xtec.cat\/cete\/wp-content\/uploads\/usu2644\/2023\/03\/IMG_5631.jpg 640w, https:\/\/projectes.xtec.cat\/cete\/wp-content\/uploads\/usu2644\/2023\/03\/IMG_5631-300x225.jpg 300w, https:\/\/projectes.xtec.cat\/cete\/wp-content\/uploads\/usu2644\/2023\/03\/IMG_5631-200x150.jpg 200w\" sizes=\"auto, (max-width: 360px) 100vw, 360px\" \/><\/a><a href=\"https:\/\/projectes.xtec.cat\/cete\/wp-content\/uploads\/usu2644\/2023\/03\/IMG_5633.jpg\"><img loading=\"lazy\" decoding=\"async\" class=\"wp-image-9577 alignleft\" src=\"https:\/\/projectes.xtec.cat\/cete\/wp-content\/uploads\/usu2644\/2023\/03\/IMG_5633.jpg\" alt=\"\" width=\"224\" height=\"168\" srcset=\"https:\/\/projectes.xtec.cat\/cete\/wp-content\/uploads\/usu2644\/2023\/03\/IMG_5633.jpg 640w, https:\/\/projectes.xtec.cat\/cete\/wp-content\/uploads\/usu2644\/2023\/03\/IMG_5633-300x225.jpg 300w, https:\/\/projectes.xtec.cat\/cete\/wp-content\/uploads\/usu2644\/2023\/03\/IMG_5633-200x150.jpg 200w\" sizes=\"auto, (max-width: 224px) 100vw, 224px\" \/><\/a><\/p>\n","protected":false},"excerpt":{"rendered":"<p><a href=\"https:\/\/projectes.xtec.cat\/cete\/wp-content\/uploads\/usu2644\/2023\/03\/IMG_5630.jpg\"><\/a>En la sessi\u00f3 de coordinaci\u00f3 d\u2019avui amb l&#8217;equip impulsor del projecte Erasmus+ de l&#8217;<a href=\"https:\/\/agora.xtec.cat\/ies-santelm\/\">Institut Sant Elm<\/a> de Sant Feliu de Gu\u00edxols, ens han explicat que l&#8217;alumnat de 4t d&#8217;ESO i 1r de Batxillerat participar\u00e0 en el primer intercanvi del centre, programat per aquest&hellip;  <a href=\"https:\/\/projectes.xtec.cat\/cete\/portada\/sessio-de-coordinacio-amb-lequip-impulsor-del-projecte-erasmus-de-linstitut-sant-elm-de-sant-feliu-de-guixols\/\" title=\"Read Sessi\u00f3 de coordinaci\u00f3 EMAILC CETE+ a l&#8217;Institut Sant Elm de Sant Feliu de Gu\u00edxols\">Llegeix m\u00e9s\u00bb<\/a><\/p>\n","protected":false},"author":15,"featured_media":9575,"comment_status":"open","ping_status":"closed","sticky":false,"template":"","format":"standard","meta":{"_bbp_topic_count":0,"_bbp_reply_count":0,"_bbp_total_topic_count":0,"_bbp_total_reply_count":0,"_bbp_voice_count":0,"_bbp_anonymous_reply_count":0,"_bbp_topic_count_hidden":0,"_bbp_reply_count_hidden":0,"_bbp_forum_subforum_count":0,"footnotes":""},"categories":[296,29],"tags":[],"class_list":["post-9574","post","type-post","status-publish","format-standard","has-post-thumbnail","hentry","category-emailc","category-portada"],"post_mailing_queue_ids":[],"_links":{"self":[{"href":"https:\/\/projectes.xtec.cat\/cete\/wp-json\/wp\/v2\/posts\/9574","targetHints":{"allow":["GET"]}}],"collection":[{"href":"https:\/\/projectes.xtec.cat\/cete\/wp-json\/wp\/v2\/posts"}],"about":[{"href":"https:\/\/projectes.xtec.cat\/cete\/wp-json\/wp\/v2\/types\/post"}],"author":[{"embeddable":true,"href":"https:\/\/projectes.xtec.cat\/cete\/wp-json\/wp\/v2\/users\/15"}],"replies":[{"embeddable":true,"href":"https:\/\/projectes.xtec.cat\/cete\/wp-json\/wp\/v2\/comments?post=9574"}],"version-history":[{"count":3,"href":"https:\/\/projectes.xtec.cat\/cete\/wp-json\/wp\/v2\/posts\/9574\/revisions"}],"predecessor-version":[{"id":9582,"href":"https:\/\/projectes.xtec.cat\/cete\/wp-json\/wp\/v2\/posts\/9574\/revisions\/9582"}],"wp:featuredmedia":[{"embeddable":true,"href":"https:\/\/projectes.xtec.cat\/cete\/wp-json\/wp\/v2\/media\/9575"}],"wp:attachment":[{"href":"https:\/\/projectes.xtec.cat\/cete\/wp-json\/wp\/v2\/media?parent=9574"}],"wp:term":[{"taxonomy":"category","embeddable":true,"href":"https:\/\/projectes.xtec.cat\/cete\/wp-json\/wp\/v2\/categories?post=9574"},{"taxonomy":"post_tag","embeddable":true,"href":"https:\/\/projectes.xtec.cat\/cete\/wp-json\/wp\/v2\/tags?post=9574"}],"curies":[{"name":"wp","href":"https:\/\/api.w.org\/{rel}","templated":true}]}}