{"id":9591,"date":"2023-03-29T15:08:49","date_gmt":"2023-03-29T13:08:49","guid":{"rendered":"https:\/\/projectes.xtec.cat\/cete\/?p=9591"},"modified":"2023-03-29T15:24:18","modified_gmt":"2023-03-29T13:24:18","slug":"job-shadowing-a-stuttgart","status":"publish","type":"post","link":"https:\/\/projectes.xtec.cat\/cete\/portada\/job-shadowing-a-stuttgart\/","title":{"rendered":"Job shadowing a Stuttgart"},"content":{"rendered":"<p><a href=\"https:\/\/projectes.xtec.cat\/cete\/wp-content\/uploads\/usu2644\/2023\/03\/IMG_0026.jpg\"><img loading=\"lazy\" decoding=\"async\" class=\"wp-image-9592 alignleft\" src=\"https:\/\/projectes.xtec.cat\/cete\/wp-content\/uploads\/usu2644\/2023\/03\/IMG_0026-1024x768.jpg\" alt=\"\" width=\"311\" height=\"233\" srcset=\"https:\/\/projectes.xtec.cat\/cete\/wp-content\/uploads\/usu2644\/2023\/03\/IMG_0026-1024x768.jpg 1024w, https:\/\/projectes.xtec.cat\/cete\/wp-content\/uploads\/usu2644\/2023\/03\/IMG_0026-300x225.jpg 300w, https:\/\/projectes.xtec.cat\/cete\/wp-content\/uploads\/usu2644\/2023\/03\/IMG_0026-768x576.jpg 768w, https:\/\/projectes.xtec.cat\/cete\/wp-content\/uploads\/usu2644\/2023\/03\/IMG_0026-1536x1152.jpg 1536w, https:\/\/projectes.xtec.cat\/cete\/wp-content\/uploads\/usu2644\/2023\/03\/IMG_0026-200x150.jpg 200w, https:\/\/projectes.xtec.cat\/cete\/wp-content\/uploads\/usu2644\/2023\/03\/IMG_0026.jpg 2016w\" sizes=\"auto, (max-width: 311px) 100vw, 311px\" \/><\/a>Les docents dels centres Gegant del Rec, Sant Elm i Sales i Xandri, juntament amb la nostra t\u00e8cnica docent, han iniciat el per\u00edode d&#8217;observaci\u00f3 a Stuttgart com a part del microconsorci EMAILC i consorci CETE del Projecte 22. Volem expressar la nostra gratitud al Ministeri d&#8217;Educaci\u00f3 de Baden-W\u00fcrttemberg per l&#8217;interessant programa que ha organitzat en el marc dels programes d&#8217;innovaci\u00f3 de lleng\u00fces estrangeres. Ens agradaria destacar que, per exemple, el dilluns van assistir a una xerrada informativa sobre el sistema educatiu del Bundesland i l&#8217;aprenentatge biling\u00fce des de la perspectiva del Ministeri.<\/p>\n<p>A m\u00e9s, entre altres centres educatius, visitaran el <a href=\"https:\/\/paracelsus-gymnasium.de\/start.html\">Paracelsus-Gymnasium<\/a>, on tindran l&#8217;oportunitat de presenciar com gestionen la integraci\u00f3 de l&#8217;alumnat refugiat, aix\u00ed com l&#8217;\u00fas de metodologies teatrals per a l&#8217;adquisici\u00f3 de lleng\u00fces estrangeres i la implementaci\u00f3 de metodologies innovadores.<\/p>\n<p>Sens dubte experi\u00e8ncies molt profitoses que ajudaran a transformar positivament els seus respectius centres educatius. Viel Gl\u00fcck!<\/p>\n<p>&nbsp;<\/p>\n","protected":false},"excerpt":{"rendered":"<p><a href=\"https:\/\/projectes.xtec.cat\/cete\/wp-content\/uploads\/usu2644\/2023\/03\/IMG_0026.jpg\"><\/a>Les docents dels centres Gegant del Rec, Sant Elm i Sales i Xandri, juntament amb la nostra t\u00e8cnica docent, han iniciat el per\u00edode d&#8217;observaci\u00f3 a Stuttgart com a part del microconsorci EMAILC i consorci CETE del Projecte 22. Volem expressar la nostra gratitud al&hellip;  <a href=\"https:\/\/projectes.xtec.cat\/cete\/portada\/job-shadowing-a-stuttgart\/\" title=\"Read Job shadowing a Stuttgart\">Llegeix m\u00e9s\u00bb<\/a><\/p>\n","protected":false},"author":15,"featured_media":9592,"comment_status":"open","ping_status":"closed","sticky":false,"template":"","format":"standard","meta":{"_bbp_topic_count":0,"_bbp_reply_count":0,"_bbp_total_topic_count":0,"_bbp_total_reply_count":0,"_bbp_voice_count":0,"_bbp_anonymous_reply_count":0,"_bbp_topic_count_hidden":0,"_bbp_reply_count_hidden":0,"_bbp_forum_subforum_count":0,"footnotes":""},"categories":[296,29],"tags":[],"class_list":["post-9591","post","type-post","status-publish","format-standard","has-post-thumbnail","hentry","category-emailc","category-portada"],"post_mailing_queue_ids":[],"_links":{"self":[{"href":"https:\/\/projectes.xtec.cat\/cete\/wp-json\/wp\/v2\/posts\/9591","targetHints":{"allow":["GET"]}}],"collection":[{"href":"https:\/\/projectes.xtec.cat\/cete\/wp-json\/wp\/v2\/posts"}],"about":[{"href":"https:\/\/projectes.xtec.cat\/cete\/wp-json\/wp\/v2\/types\/post"}],"author":[{"embeddable":true,"href":"https:\/\/projectes.xtec.cat\/cete\/wp-json\/wp\/v2\/users\/15"}],"replies":[{"embeddable":true,"href":"https:\/\/projectes.xtec.cat\/cete\/wp-json\/wp\/v2\/comments?post=9591"}],"version-history":[{"count":2,"href":"https:\/\/projectes.xtec.cat\/cete\/wp-json\/wp\/v2\/posts\/9591\/revisions"}],"predecessor-version":[{"id":9594,"href":"https:\/\/projectes.xtec.cat\/cete\/wp-json\/wp\/v2\/posts\/9591\/revisions\/9594"}],"wp:featuredmedia":[{"embeddable":true,"href":"https:\/\/projectes.xtec.cat\/cete\/wp-json\/wp\/v2\/media\/9592"}],"wp:attachment":[{"href":"https:\/\/projectes.xtec.cat\/cete\/wp-json\/wp\/v2\/media?parent=9591"}],"wp:term":[{"taxonomy":"category","embeddable":true,"href":"https:\/\/projectes.xtec.cat\/cete\/wp-json\/wp\/v2\/categories?post=9591"},{"taxonomy":"post_tag","embeddable":true,"href":"https:\/\/projectes.xtec.cat\/cete\/wp-json\/wp\/v2\/tags?post=9591"}],"curies":[{"name":"wp","href":"https:\/\/api.w.org\/{rel}","templated":true}]}}