{"id":9626,"date":"2023-05-25T13:30:24","date_gmt":"2023-05-25T11:30:24","guid":{"rendered":"https:\/\/projectes.xtec.cat\/cete\/?p=9626"},"modified":"2023-05-29T08:51:50","modified_gmt":"2023-05-29T06:51:50","slug":"job-shadowing-a-stuttgart-cete-emailc","status":"publish","type":"post","link":"https:\/\/projectes.xtec.cat\/cete\/portada\/job-shadowing-a-stuttgart-cete-emailc\/","title":{"rendered":"Job Shadowing a D\u00fcsseldorf CETE+ EMAILC"},"content":{"rendered":"<p><a href=\"https:\/\/projectes.xtec.cat\/cete\/wp-content\/uploads\/usu2644\/2023\/05\/Captura.jpg\"><img loading=\"lazy\" decoding=\"async\" class=\" wp-image-9627 alignleft\" src=\"https:\/\/projectes.xtec.cat\/cete\/wp-content\/uploads\/usu2644\/2023\/05\/Captura.jpg\" alt=\"\" width=\"310\" height=\"214\" srcset=\"https:\/\/projectes.xtec.cat\/cete\/wp-content\/uploads\/usu2644\/2023\/05\/Captura.jpg 925w, https:\/\/projectes.xtec.cat\/cete\/wp-content\/uploads\/usu2644\/2023\/05\/Captura-300x207.jpg 300w, https:\/\/projectes.xtec.cat\/cete\/wp-content\/uploads\/usu2644\/2023\/05\/Captura-768x531.jpg 768w\" sizes=\"auto, (max-width: 310px) 100vw, 310px\" \/><\/a>La nostra t\u00e8cnica assessora docent, Goretti Blanch, juntament amb la docent Ariadna Asn\u00e0 de l&#8217;lnstitut Manuel Sales i Ferrer d&#8217;Ulldecona, han estat de job shadowing al Cecilien-Gymnasium de D\u00fcsseldorf. Ha sigut una experi\u00e8ncia molt positiva on han conegut un nou sistema educatiu que permetr\u00e0 comparar-lo amb el nostre i, aix\u00ed, millorar algunes pr\u00e0ctiques tant docents com de gesti\u00f3. L&#8217;Ariadna comenta que &#8216;personalment, he agafat algunes idees per poder-les implementar al projecte GEP del centre, ja que he pogut veure com un suport ling\u00fc\u00edstic per ajudar als alumnes a expressar-se oralment i de manera escrita \u00e9s molt necessari per encoratjar-los a comunicar-se en angl\u00e8s&#8217;.<br \/>\nD&#8217;altra banda, la Roc\u00edo Zurita de l\u2019Institut Mil\u00e0 i Fontanals de Barcelona i la J\u00falia Prieto de l\u2019Institut Mart\u00ed l\u2019Hum\u00e0 de Montblanc han visitat el Comenius Gymnasium de la mateixa ciutat. En paraules de la mateixa Roc\u00edo: &#8216;m&#8217;emporto molt\u00edssimes coses positives. Les observacions a les aules van ser molt inspiradores, com tamb\u00e9 ho va ser l&#8217;intercanvi d&#8217;opinions sobre diferents aspectes did\u00e0ctics i metodol\u00f2gics amb el professorat que ens va acollir. Penso que definitivament hi ha aspectes f\u00e0cilment aplicables al meu centre que impactarien considerablement en com el nostre alumnat adquireix les lleng\u00fces estrangeres, sobretot per treballar l&#8217;expressi\u00f3 oral&#8217;.<br \/>\nGr\u00e0cies a les participants per compartir les seves enriquidores experi\u00e8ncies d&#8217;aquestes mobilitats a la regi\u00f3 de Rin del Nord-Westf\u00e0lia en el marc del Projecte Erasmus+ 22.<\/p>\n<p><a href=\"https:\/\/projectes.xtec.cat\/cete\/wp-content\/uploads\/usu2644\/2023\/05\/WhatsApp-Image-2023-05-08-at-11.44.45-1.jpeg\"><img loading=\"lazy\" decoding=\"async\" class=\" wp-image-9633 alignleft\" src=\"https:\/\/projectes.xtec.cat\/cete\/wp-content\/uploads\/usu2644\/2023\/05\/WhatsApp-Image-2023-05-08-at-11.44.45-1-768x1024.jpeg\" alt=\"\" width=\"165\" height=\"220\" srcset=\"https:\/\/projectes.xtec.cat\/cete\/wp-content\/uploads\/usu2644\/2023\/05\/WhatsApp-Image-2023-05-08-at-11.44.45-1-768x1024.jpeg 768w, https:\/\/projectes.xtec.cat\/cete\/wp-content\/uploads\/usu2644\/2023\/05\/WhatsApp-Image-2023-05-08-at-11.44.45-1-225x300.jpeg 225w, https:\/\/projectes.xtec.cat\/cete\/wp-content\/uploads\/usu2644\/2023\/05\/WhatsApp-Image-2023-05-08-at-11.44.45-1-1152x1536.jpeg 1152w, https:\/\/projectes.xtec.cat\/cete\/wp-content\/uploads\/usu2644\/2023\/05\/WhatsApp-Image-2023-05-08-at-11.44.45-1.jpeg 1536w\" sizes=\"auto, (max-width: 165px) 100vw, 165px\" \/><\/a><a href=\"https:\/\/projectes.xtec.cat\/cete\/wp-content\/uploads\/usu2644\/2023\/05\/WhatsApp-Image-2023-05-08-at-11.44.41.jpeg\"><img loading=\"lazy\" decoding=\"async\" class=\"wp-image-9632 alignleft\" src=\"https:\/\/projectes.xtec.cat\/cete\/wp-content\/uploads\/usu2644\/2023\/05\/WhatsApp-Image-2023-05-08-at-11.44.41-768x1024.jpeg\" alt=\"\" width=\"207\" height=\"276\" srcset=\"https:\/\/projectes.xtec.cat\/cete\/wp-content\/uploads\/usu2644\/2023\/05\/WhatsApp-Image-2023-05-08-at-11.44.41-768x1024.jpeg 768w, https:\/\/projectes.xtec.cat\/cete\/wp-content\/uploads\/usu2644\/2023\/05\/WhatsApp-Image-2023-05-08-at-11.44.41-225x300.jpeg 225w, https:\/\/projectes.xtec.cat\/cete\/wp-content\/uploads\/usu2644\/2023\/05\/WhatsApp-Image-2023-05-08-at-11.44.41-1152x1536.jpeg 1152w, https:\/\/projectes.xtec.cat\/cete\/wp-content\/uploads\/usu2644\/2023\/05\/WhatsApp-Image-2023-05-08-at-11.44.41.jpeg 1536w\" sizes=\"auto, (max-width: 207px) 100vw, 207px\" \/><\/a><a href=\"https:\/\/projectes.xtec.cat\/cete\/wp-content\/uploads\/usu2644\/2023\/05\/WhatsApp-Image-2023-05-09-at-08.25.05.jpeg\"><img loading=\"lazy\" decoding=\"async\" class=\" wp-image-9635 alignleft\" src=\"https:\/\/projectes.xtec.cat\/cete\/wp-content\/uploads\/usu2644\/2023\/05\/WhatsApp-Image-2023-05-09-at-08.25.05-935x1024.jpeg\" alt=\"\" width=\"242\" height=\"265\" srcset=\"https:\/\/projectes.xtec.cat\/cete\/wp-content\/uploads\/usu2644\/2023\/05\/WhatsApp-Image-2023-05-09-at-08.25.05-935x1024.jpeg 935w, https:\/\/projectes.xtec.cat\/cete\/wp-content\/uploads\/usu2644\/2023\/05\/WhatsApp-Image-2023-05-09-at-08.25.05-274x300.jpeg 274w, https:\/\/projectes.xtec.cat\/cete\/wp-content\/uploads\/usu2644\/2023\/05\/WhatsApp-Image-2023-05-09-at-08.25.05-768x841.jpeg 768w, https:\/\/projectes.xtec.cat\/cete\/wp-content\/uploads\/usu2644\/2023\/05\/WhatsApp-Image-2023-05-09-at-08.25.05-1403x1536.jpeg 1403w, https:\/\/projectes.xtec.cat\/cete\/wp-content\/uploads\/usu2644\/2023\/05\/WhatsApp-Image-2023-05-09-at-08.25.05.jpeg 1870w\" sizes=\"auto, (max-width: 242px) 100vw, 242px\" \/><\/a><\/p>\n","protected":false},"excerpt":{"rendered":"<p><a href=\"https:\/\/projectes.xtec.cat\/cete\/wp-content\/uploads\/usu2644\/2023\/05\/Captura.jpg\"><\/a>La nostra t\u00e8cnica assessora docent, Goretti Blanch, juntament amb la docent Ariadna Asn\u00e0 de l&#8217;lnstitut Manuel Sales i Ferrer d&#8217;Ulldecona, han estat de job shadowing al Cecilien-Gymnasium de D\u00fcsseldorf. Ha sigut una experi\u00e8ncia molt positiva on han conegut un nou sistema educatiu que permetr\u00e0&hellip;  <a href=\"https:\/\/projectes.xtec.cat\/cete\/portada\/job-shadowing-a-stuttgart-cete-emailc\/\" title=\"Read Job Shadowing a D\u00fcsseldorf CETE+ EMAILC\">Llegeix m\u00e9s\u00bb<\/a><\/p>\n","protected":false},"author":15,"featured_media":9627,"comment_status":"open","ping_status":"closed","sticky":false,"template":"","format":"standard","meta":{"_bbp_topic_count":0,"_bbp_reply_count":0,"_bbp_total_topic_count":0,"_bbp_total_reply_count":0,"_bbp_voice_count":0,"_bbp_anonymous_reply_count":0,"_bbp_topic_count_hidden":0,"_bbp_reply_count_hidden":0,"_bbp_forum_subforum_count":0,"footnotes":""},"categories":[296,29],"tags":[],"class_list":["post-9626","post","type-post","status-publish","format-standard","has-post-thumbnail","hentry","category-emailc","category-portada"],"post_mailing_queue_ids":[],"_links":{"self":[{"href":"https:\/\/projectes.xtec.cat\/cete\/wp-json\/wp\/v2\/posts\/9626","targetHints":{"allow":["GET"]}}],"collection":[{"href":"https:\/\/projectes.xtec.cat\/cete\/wp-json\/wp\/v2\/posts"}],"about":[{"href":"https:\/\/projectes.xtec.cat\/cete\/wp-json\/wp\/v2\/types\/post"}],"author":[{"embeddable":true,"href":"https:\/\/projectes.xtec.cat\/cete\/wp-json\/wp\/v2\/users\/15"}],"replies":[{"embeddable":true,"href":"https:\/\/projectes.xtec.cat\/cete\/wp-json\/wp\/v2\/comments?post=9626"}],"version-history":[{"count":3,"href":"https:\/\/projectes.xtec.cat\/cete\/wp-json\/wp\/v2\/posts\/9626\/revisions"}],"predecessor-version":[{"id":9639,"href":"https:\/\/projectes.xtec.cat\/cete\/wp-json\/wp\/v2\/posts\/9626\/revisions\/9639"}],"wp:featuredmedia":[{"embeddable":true,"href":"https:\/\/projectes.xtec.cat\/cete\/wp-json\/wp\/v2\/media\/9627"}],"wp:attachment":[{"href":"https:\/\/projectes.xtec.cat\/cete\/wp-json\/wp\/v2\/media?parent=9626"}],"wp:term":[{"taxonomy":"category","embeddable":true,"href":"https:\/\/projectes.xtec.cat\/cete\/wp-json\/wp\/v2\/categories?post=9626"},{"taxonomy":"post_tag","embeddable":true,"href":"https:\/\/projectes.xtec.cat\/cete\/wp-json\/wp\/v2\/tags?post=9626"}],"curies":[{"name":"wp","href":"https:\/\/api.w.org\/{rel}","templated":true}]}}