{"id":9643,"date":"2023-06-20T08:36:06","date_gmt":"2023-06-20T06:36:06","guid":{"rendered":"https:\/\/projectes.xtec.cat\/cete\/?p=9643"},"modified":"2023-06-20T08:36:06","modified_gmt":"2023-06-20T06:36:06","slug":"plafo-per-donar-a-coneixer-el-mc-esam-tilc-en-els-centres-participants","status":"publish","type":"post","link":"https:\/\/projectes.xtec.cat\/cete\/portada\/plafo-per-donar-a-coneixer-el-mc-esam-tilc-en-els-centres-participants\/","title":{"rendered":"Plaf\u00f3 per donar a con\u00e8ixer el MC ESAM-TILC en els centres participants"},"content":{"rendered":"<p><a href=\"https:\/\/projectes.xtec.cat\/cete\/wp-content\/uploads\/usu2644\/2023\/06\/Copia-de-Productes-i-diaris-de-les-mobilitats.png\"><img loading=\"lazy\" decoding=\"async\" class=\"size-full wp-image-9644 alignleft\" src=\"https:\/\/projectes.xtec.cat\/cete\/wp-content\/uploads\/usu2644\/2023\/06\/Copia-de-Productes-i-diaris-de-les-mobilitats.png\" alt=\"\" width=\"450\" height=\"200\" srcset=\"https:\/\/projectes.xtec.cat\/cete\/wp-content\/uploads\/usu2644\/2023\/06\/Copia-de-Productes-i-diaris-de-les-mobilitats.png 450w, https:\/\/projectes.xtec.cat\/cete\/wp-content\/uploads\/usu2644\/2023\/06\/Copia-de-Productes-i-diaris-de-les-mobilitats-300x133.png 300w\" sizes=\"auto, (max-width: 450px) 100vw, 450px\" \/><\/a>En el marc del projecte CETE+, i vinculats als projectes ESAM (Estrat\u00e8gies de Suport a l\u2019aprenentatge de l\u2019alumnat d\u2019origen estranger en totes les \u00c0rees i Mat\u00e8ries) i TILC (Tractament Integrat de Llengua i Continguts), del Departament d\u2019Educaci\u00f3, set centres educatius d\u2019arreu de Catalunya han fet mobilitats per con\u00e8ixer bones pr\u00e0ctiques ESAM i TILC que es desenvolupen en altres pa\u00efsos d\u2019Europa.<\/p>\n<p>Per tal de donar a con\u00e8ixer la iniciativa a tota la comunitat educativa, l\u2019Escola Colors, de Les Franqueses del Vall\u00e8s, ha elaborat un plaf\u00f3 amb informaci\u00f3 sobre l\u2019objectiu principal del projecte, les escoles, localitats i pa\u00efsos visitats, i el nom dels centres educatius catalans que han participat en els per\u00edodes d\u2019observaci\u00f3 del microconsorci ESAM-TILC. El plaf\u00f3 s\u2019ha col\u00b7locat en un lloc ben visible de l\u2019escola i ha perm\u00e8s tots els docents, alumnat i fam\u00edlies con\u00e8ixer una mica m\u00e9s una de les l\u00ednies d\u2019actuaci\u00f3 del seu centre educatiu.<\/p>\n<p>El plaf\u00f3, que s\u2019ha compartit amb les altres escoles i instituts que participen en el MC ESAM-TILC, ben aviat estar\u00e0 penjat tamb\u00e9 en els altres centres que s\u2019han fixat com a objectiu prioritari de l\u2019escola treballar per a l\u2019\u00e8xit educatiu de tot l\u2019alumnat.<\/p>\n","protected":false},"excerpt":{"rendered":"<p><a href=\"https:\/\/projectes.xtec.cat\/cete\/wp-content\/uploads\/usu2644\/2023\/06\/Copia-de-Productes-i-diaris-de-les-mobilitats.png\"><\/a>En el marc del projecte CETE+, i vinculats als projectes ESAM (Estrat\u00e8gies de Suport a l\u2019aprenentatge de l\u2019alumnat d\u2019origen estranger en totes les \u00c0rees i Mat\u00e8ries) i TILC (Tractament Integrat de Llengua i Continguts), del Departament d\u2019Educaci\u00f3, set centres educatius d\u2019arreu de Catalunya han&hellip;  <a href=\"https:\/\/projectes.xtec.cat\/cete\/portada\/plafo-per-donar-a-coneixer-el-mc-esam-tilc-en-els-centres-participants\/\" title=\"Read Plaf\u00f3 per donar a con\u00e8ixer el MC ESAM-TILC en els centres participants\">Llegeix m\u00e9s\u00bb<\/a><\/p>\n","protected":false},"author":18,"featured_media":9644,"comment_status":"open","ping_status":"closed","sticky":false,"template":"","format":"standard","meta":{"_bbp_topic_count":0,"_bbp_reply_count":0,"_bbp_total_topic_count":0,"_bbp_total_reply_count":0,"_bbp_voice_count":0,"_bbp_anonymous_reply_count":0,"_bbp_topic_count_hidden":0,"_bbp_reply_count_hidden":0,"_bbp_forum_subforum_count":0,"footnotes":""},"categories":[295,29],"tags":[303,321,310,308,309,320,319],"class_list":["post-9643","post","type-post","status-publish","format-standard","has-post-thumbnail","hentry","category-esam","category-portada","tag-ceteplus","tag-difusio","tag-erasmus","tag-esamtilc","tag-mcesamtilc","tag-plafo","tag-roll-up"],"post_mailing_queue_ids":[],"_links":{"self":[{"href":"https:\/\/projectes.xtec.cat\/cete\/wp-json\/wp\/v2\/posts\/9643","targetHints":{"allow":["GET"]}}],"collection":[{"href":"https:\/\/projectes.xtec.cat\/cete\/wp-json\/wp\/v2\/posts"}],"about":[{"href":"https:\/\/projectes.xtec.cat\/cete\/wp-json\/wp\/v2\/types\/post"}],"author":[{"embeddable":true,"href":"https:\/\/projectes.xtec.cat\/cete\/wp-json\/wp\/v2\/users\/18"}],"replies":[{"embeddable":true,"href":"https:\/\/projectes.xtec.cat\/cete\/wp-json\/wp\/v2\/comments?post=9643"}],"version-history":[{"count":1,"href":"https:\/\/projectes.xtec.cat\/cete\/wp-json\/wp\/v2\/posts\/9643\/revisions"}],"predecessor-version":[{"id":9645,"href":"https:\/\/projectes.xtec.cat\/cete\/wp-json\/wp\/v2\/posts\/9643\/revisions\/9645"}],"wp:featuredmedia":[{"embeddable":true,"href":"https:\/\/projectes.xtec.cat\/cete\/wp-json\/wp\/v2\/media\/9644"}],"wp:attachment":[{"href":"https:\/\/projectes.xtec.cat\/cete\/wp-json\/wp\/v2\/media?parent=9643"}],"wp:term":[{"taxonomy":"category","embeddable":true,"href":"https:\/\/projectes.xtec.cat\/cete\/wp-json\/wp\/v2\/categories?post=9643"},{"taxonomy":"post_tag","embeddable":true,"href":"https:\/\/projectes.xtec.cat\/cete\/wp-json\/wp\/v2\/tags?post=9643"}],"curies":[{"name":"wp","href":"https:\/\/api.w.org\/{rel}","templated":true}]}}