{"id":9677,"date":"2023-02-06T10:01:46","date_gmt":"2023-02-06T09:01:46","guid":{"rendered":"https:\/\/projectes.xtec.cat\/cete\/?p=9677"},"modified":"2023-06-21T12:07:09","modified_gmt":"2023-06-21T10:07:09","slug":"jornada-de-transferencia-tecnics-equip-mobedu","status":"publish","type":"post","link":"https:\/\/projectes.xtec.cat\/cete\/portada\/jornada-de-transferencia-tecnics-equip-mobedu\/","title":{"rendered":"Jornada de transfer\u00e8ncia T\u00e8cnics Equip MobEdu"},"content":{"rendered":"<p>Els t\u00e8cnics de l&#8217;equip MobEdu hem fet la tranfer\u00e8ncia amb els companys de l&#8217;\u00c0rea de Cultura Digital del Departament d&#8217;Educaci\u00f3. Ha estat molt interessant poder analitzar els objectius que ens hav\u00edem proposat per a la mobilitat als centres educatius d&#8217;Aalborg a Dinamarca.<\/p>\n<p><a href=\"https:\/\/projectes.xtec.cat\/cete\/wp-content\/uploads\/usu2644\/2023\/06\/IMG_4910.heic\"><img loading=\"lazy\" decoding=\"async\" class=\"alignnone size-large wp-image-9678\" src=\"https:\/\/projectes.xtec.cat\/cete\/wp-content\/uploads\/usu2644\/2023\/06\/IMG_4910.heic\" alt=\"\" width=\"1\" height=\"1\" \/><\/a><a href=\"https:\/\/projectes.xtec.cat\/cete\/wp-content\/uploads\/usu2644\/2023\/02\/IMG_4887-1.jpg\"><img loading=\"lazy\" decoding=\"async\" class=\"size-large wp-image-9683 aligncenter\" src=\"https:\/\/projectes.xtec.cat\/cete\/wp-content\/uploads\/usu2644\/2023\/02\/IMG_4887-1-1024x768.jpg\" alt=\"\" width=\"1024\" height=\"768\" srcset=\"https:\/\/projectes.xtec.cat\/cete\/wp-content\/uploads\/usu2644\/2023\/02\/IMG_4887-1-1024x768.jpg 1024w, https:\/\/projectes.xtec.cat\/cete\/wp-content\/uploads\/usu2644\/2023\/02\/IMG_4887-1-300x225.jpg 300w, https:\/\/projectes.xtec.cat\/cete\/wp-content\/uploads\/usu2644\/2023\/02\/IMG_4887-1-768x576.jpg 768w, https:\/\/projectes.xtec.cat\/cete\/wp-content\/uploads\/usu2644\/2023\/02\/IMG_4887-1-1536x1152.jpg 1536w, https:\/\/projectes.xtec.cat\/cete\/wp-content\/uploads\/usu2644\/2023\/02\/IMG_4887-1-200x150.jpg 200w, https:\/\/projectes.xtec.cat\/cete\/wp-content\/uploads\/usu2644\/2023\/02\/IMG_4887-1.jpg 2032w\" sizes=\"auto, (max-width: 1024px) 100vw, 1024px\" \/><\/a><\/p>\n<p>Hem pogut intercanviar idees sobre la preparaci\u00f3 per a la vida digital dels estudiants a l\u2019Aalborg Kommune: ciberseguretat, privacitat, assetjament, protecci\u00f3 de dades. Ha resultat molt interessant analitzar les accions que realitzen per vetllar pel benestar, l&#8217;aprenentatge, l&#8217;educaci\u00f3 i el desenvolupament dels infants i joves des del m\u00f3n digital.<\/p>\n<p>Hem analitzat amb els companys algunes de les l\u00ednies de treball observades a l\u2019Aalborg Kommune, fent un esment especial la seva proposta de Makerspace i el treball que es realitza a les escoles. Ha estat molt \u00fatil mostrar i debatre com explorar el model MAKER\u2019N d\u2019aprenentatge a trav\u00e9s del Desing Thinking que vam treballar amb l\u2019Anders Moller.<\/p>\n<p><span class=\"css-901oao css-16my406 r-poiln3 r-bcqeeo r-qvutc0\">Hem mostrat el treball intens dut a terme a l\u2019Aalborg Kommune (Dinamarca) on hem tingut l\u2019oportunitat de presentar el <\/span><span class=\"r-18u37iz\">Pla Digital d&#8217;Educaci\u00f3,<\/span><span class=\"css-901oao css-16my406 r-poiln3 r-bcqeeo r-qvutc0\"> mostrant les accions per millorar la compet\u00e8ncia digital de l&#8217;alumnat, professorat i centres educatius i intercanviant idees per transformaci\u00f3 educativa.\u00a0<\/span><span class=\"css-901oao css-16my406 r-poiln3 r-bcqeeo r-qvutc0\">Per altra banda ha estat enriquidor poder <\/span><span class=\"css-901oao css-16my406 r-poiln3 r-bcqeeo r-qvutc0\">mostrar tota la informaci\u00f3 que vam compartir amb l\u2019Equip del Rasmus Greve de l\u2019Aalborg Kommune i analitzar diferents aspectes dels projectes de l\u2019\u00c0rea de Cultura digital per tal de desenvolupar la seva Estrat\u00e8gia Digital.<\/span><\/p>\n<p>Intercanviar recursos i idees enriqueix la nostra feina.<\/p>\n<p>&nbsp;<\/p>\n<p><a href=\"https:\/\/projectes.xtec.cat\/cete\/wp-content\/uploads\/usu2644\/2023\/06\/IMG_4896-scaled.jpg\"><img loading=\"lazy\" decoding=\"async\" class=\"wp-image-9681 aligncenter\" src=\"https:\/\/projectes.xtec.cat\/cete\/wp-content\/uploads\/usu2644\/2023\/06\/IMG_4896-1024x768.jpg\" alt=\"\" width=\"651\" height=\"488\" srcset=\"https:\/\/projectes.xtec.cat\/cete\/wp-content\/uploads\/usu2644\/2023\/06\/IMG_4896-1024x768.jpg 1024w, https:\/\/projectes.xtec.cat\/cete\/wp-content\/uploads\/usu2644\/2023\/06\/IMG_4896-300x225.jpg 300w, https:\/\/projectes.xtec.cat\/cete\/wp-content\/uploads\/usu2644\/2023\/06\/IMG_4896-768x576.jpg 768w, https:\/\/projectes.xtec.cat\/cete\/wp-content\/uploads\/usu2644\/2023\/06\/IMG_4896-1536x1152.jpg 1536w, https:\/\/projectes.xtec.cat\/cete\/wp-content\/uploads\/usu2644\/2023\/06\/IMG_4896-2048x1536.jpg 2048w, https:\/\/projectes.xtec.cat\/cete\/wp-content\/uploads\/usu2644\/2023\/06\/IMG_4896-200x150.jpg 200w\" sizes=\"auto, (max-width: 651px) 100vw, 651px\" \/><\/a><\/p>\n<p>&nbsp;<\/p>\n<p>&nbsp;<\/p>\n<p>&nbsp;<\/p>\n","protected":false},"excerpt":{"rendered":"<p>Els t\u00e8cnics de l&#8217;equip MobEdu hem fet la tranfer\u00e8ncia amb els companys de l&#8217;\u00c0rea de Cultura Digital del Departament d&#8217;Educaci\u00f3. Ha estat molt interessant poder analitzar els objectius que ens hav\u00edem proposat per a la mobilitat als centres educatius d&#8217;Aalborg a Dinamarca.<br \/>\n<a href=\"https:\/\/projectes.xtec.cat\/cete\/wp-content\/uploads\/usu2644\/2023\/06\/IMG_4910.heic\"><\/a><a href=\"https:\/\/projectes.xtec.cat\/cete\/wp-content\/uploads\/usu2644\/2023\/02\/IMG_4887-1.jpg\"><\/a><br \/>\nHem pogut&hellip;  <a href=\"https:\/\/projectes.xtec.cat\/cete\/portada\/jornada-de-transferencia-tecnics-equip-mobedu\/\" title=\"Read Jornada de transfer\u00e8ncia T\u00e8cnics Equip MobEdu\">Llegeix m\u00e9s\u00bb<\/a><\/p>\n","protected":false},"author":30,"featured_media":9681,"comment_status":"open","ping_status":"closed","sticky":false,"template":"","format":"standard","meta":{"_bbp_topic_count":0,"_bbp_reply_count":0,"_bbp_total_topic_count":0,"_bbp_total_reply_count":0,"_bbp_voice_count":0,"_bbp_anonymous_reply_count":0,"_bbp_topic_count_hidden":0,"_bbp_reply_count_hidden":0,"_bbp_forum_subforum_count":0,"footnotes":""},"categories":[294,29],"tags":[],"class_list":["post-9677","post","type-post","status-publish","format-standard","has-post-thumbnail","hentry","category-mobedu","category-portada"],"post_mailing_queue_ids":[],"_links":{"self":[{"href":"https:\/\/projectes.xtec.cat\/cete\/wp-json\/wp\/v2\/posts\/9677","targetHints":{"allow":["GET"]}}],"collection":[{"href":"https:\/\/projectes.xtec.cat\/cete\/wp-json\/wp\/v2\/posts"}],"about":[{"href":"https:\/\/projectes.xtec.cat\/cete\/wp-json\/wp\/v2\/types\/post"}],"author":[{"embeddable":true,"href":"https:\/\/projectes.xtec.cat\/cete\/wp-json\/wp\/v2\/users\/30"}],"replies":[{"embeddable":true,"href":"https:\/\/projectes.xtec.cat\/cete\/wp-json\/wp\/v2\/comments?post=9677"}],"version-history":[{"count":2,"href":"https:\/\/projectes.xtec.cat\/cete\/wp-json\/wp\/v2\/posts\/9677\/revisions"}],"predecessor-version":[{"id":9684,"href":"https:\/\/projectes.xtec.cat\/cete\/wp-json\/wp\/v2\/posts\/9677\/revisions\/9684"}],"wp:featuredmedia":[{"embeddable":true,"href":"https:\/\/projectes.xtec.cat\/cete\/wp-json\/wp\/v2\/media\/9681"}],"wp:attachment":[{"href":"https:\/\/projectes.xtec.cat\/cete\/wp-json\/wp\/v2\/media?parent=9677"}],"wp:term":[{"taxonomy":"category","embeddable":true,"href":"https:\/\/projectes.xtec.cat\/cete\/wp-json\/wp\/v2\/categories?post=9677"},{"taxonomy":"post_tag","embeddable":true,"href":"https:\/\/projectes.xtec.cat\/cete\/wp-json\/wp\/v2\/tags?post=9677"}],"curies":[{"name":"wp","href":"https:\/\/api.w.org\/{rel}","templated":true}]}}