{"id":9776,"date":"2023-10-18T08:41:44","date_gmt":"2023-10-18T06:41:44","guid":{"rendered":"https:\/\/projectes.xtec.cat\/cete\/?p=9776"},"modified":"2023-10-23T13:41:46","modified_gmt":"2023-10-23T11:41:46","slug":"job-shadowing-a-eslovenia-cete-emailc","status":"publish","type":"post","link":"https:\/\/projectes.xtec.cat\/cete\/portada\/job-shadowing-a-eslovenia-cete-emailc\/","title":{"rendered":"Job Shadowing a Eslov\u00e8nia CETE+ EMAILC"},"content":{"rendered":"<p><a href=\"https:\/\/projectes.xtec.cat\/cete\/wp-content\/uploads\/usu2644\/2023\/10\/Copia-de-IMG-20231003-WA0023.jpg\"><img loading=\"lazy\" decoding=\"async\" class=\"wp-image-9778 alignleft\" src=\"https:\/\/projectes.xtec.cat\/cete\/wp-content\/uploads\/usu2644\/2023\/10\/Copia-de-IMG-20231003-WA0023-1024x769.jpg\" alt=\"\" width=\"399\" height=\"299\" srcset=\"https:\/\/projectes.xtec.cat\/cete\/wp-content\/uploads\/usu2644\/2023\/10\/Copia-de-IMG-20231003-WA0023-1024x769.jpg 1024w, https:\/\/projectes.xtec.cat\/cete\/wp-content\/uploads\/usu2644\/2023\/10\/Copia-de-IMG-20231003-WA0023-300x225.jpg 300w, https:\/\/projectes.xtec.cat\/cete\/wp-content\/uploads\/usu2644\/2023\/10\/Copia-de-IMG-20231003-WA0023-768x576.jpg 768w, https:\/\/projectes.xtec.cat\/cete\/wp-content\/uploads\/usu2644\/2023\/10\/Copia-de-IMG-20231003-WA0023-1536x1153.jpg 1536w, https:\/\/projectes.xtec.cat\/cete\/wp-content\/uploads\/usu2644\/2023\/10\/Copia-de-IMG-20231003-WA0023-200x150.jpg 200w, https:\/\/projectes.xtec.cat\/cete\/wp-content\/uploads\/usu2644\/2023\/10\/Copia-de-IMG-20231003-WA0023.jpg 1600w\" sizes=\"auto, (max-width: 399px) 100vw, 399px\" \/><\/a> Entre el 2 i el 6 d&#8217;octubre, en el marc del projecte CETE+ EMAILC, els docents Daniela Mart\u00ednez de l&#8217;Institut el Vern de Lli\u00e7\u00e0 de Vall, Olga Ortiz de l&#8217;escola el Gegant del Rec de Salt i Dar\u00edo Anguita de l&#8217;Institut de Gurb, han dut a terme una s\u00e8rie de mobilitats de job shadowing a diferents centres educatius d\u2019Eslov\u00e8nia, a les localitats de Celje i Ljubljana, on han pogut observar el funcionament i les din\u00e0miques aplicades en llengua anglesa a les aules. Ha estat una experi\u00e8ncia molt positiva que permetr\u00e0 crear nous materials i implementar millores en l&#8217;ensanyament de l&#8217;angl\u00e8s en els seus respectius centres educatius.<\/p>\n<p>Podem garantir, de primera m\u00e0, l&#8217;impacte positiu que ha tingut en els participants:<\/p>\n<ul>\n<li>El Dar\u00edo destaca que &#8220;el treball cooperatiu des de l&#8217;inici de l\u2019ensenyament primari, les pauses actives com a transici\u00f3 entre diferents activitats o la implementaci\u00f3 de sessions EAA (Educaci\u00f3 Assistida amb Animals), s\u00f3n algunes de les metodologies que els han resultat m\u00e9s inspiradores&#8221;.<\/li>\n<li>La Daniela remarca que la seva experi\u00e8ncia de job shadowing a Eslov\u00e8nia, ha estat molt enriquidora, &#8220;penso que \u00e9s quelcom que com a docent haur\u00edem de poder fer. El fet de poder ser una espectadora externa, sense cap vincle amb l&#8217;alumnat, amb una cultura, amb un sistema educatiu i una forma de treballar diferents, m&#8217;ha perm\u00e8s poder observar i parar atenci\u00f3 en aspectes que en altres situacions no havia tingut.Tot i que l&#8217;observaci\u00f3 majorit\u00e0riament ha estat en alumnat d&#8217;edats menors amb les quals jo treballo, hi ha hagut idees i metodologies que puc extrapolar i aplicar, adaptant una mica, a primer cicle de l&#8217;ESO. He quedat molt sorpresa pel bon nivell d&#8217;angl\u00e8s que t\u00e9 l&#8217;alumnat i m&#8217;ha fet replantejar certes coses que podem millorar tot i que tamb\u00e9 vull remarcar que hi ha moltes coses que nosaltres fem molt b\u00e9.&#8221;.<\/li>\n<li>Finalment, l&#8217;Olga Ortiz ens dona m\u00e9s detalls del programa: &#8220;La nostra primera parada va ser Celje, on ens van rebre amb els bra\u00e7os oberts. Vam estar a l&#8217;escola durant dos dies, on vam poder fer un petit tastet d&#8217;algunes activitats que fan: m\u00fasica, esport, angl\u00e8s&#8230; Tamb\u00e9 ens van convidar a veure el musical que havia preparat una altra escola de la ciutat, &#8220;The Grunch&#8221;, que havien preparat durant un temps i ja feien la seva esperada estrena. Dimecres ja va arribar el moment de marxar de Celje i anar cap a Ljubljana. En aquesta ciutat vam poder visitar dues escoles situades a diferents barris de la ciutat. Tamb\u00e9 en elles vam poder veure diferents maneres de fer i algunes de les activitats que realitzen en el seu dia a dia. Molts mestres ens van obrir les portes de les seves classes i ens van explicar com funcionaven, les idees que tenien i les metodologies que fan servir.Despr\u00e9s de tota aquesta aventura nom\u00e9s vull donar les gr\u00e0cies a totes les persones que hem conegut a Eslov\u00e8nia, que ens han tractat com una m\u00e9s i han sigut tan amables amb nosaltres. Personalment, he gaudit molt d&#8217;aquesta experi\u00e8ncia i m&#8217;emporto moltes idees, eines i activitats que espero poder utilitzar aviat.&#8221;<\/li>\n<\/ul>\n<p>Volem agrair a tots coordinadors del projecte i personal dels centres d&#8217;Eslov\u00e8nia per l&#8217;acollida i l&#8217;acompanyament duts a terme al llarg de tota l&#8217;estada, aix\u00ed com a la Daniela, l&#8217;Olga i el Dar\u00edo per compartir les seves enriquidores experi\u00e8ncies.<\/p>\n<p><a href=\"https:\/\/projectes.xtec.cat\/cete\/wp-content\/uploads\/usu2644\/2023\/10\/Copia-de-IMG_20231005_095408-3-scaled.jpg\"><img loading=\"lazy\" decoding=\"async\" class=\"wp-image-9780 alignleft\" src=\"https:\/\/projectes.xtec.cat\/cete\/wp-content\/uploads\/usu2644\/2023\/10\/Copia-de-IMG_20231005_095408-3-759x1024.jpg\" alt=\"\" width=\"387\" height=\"522\" srcset=\"https:\/\/projectes.xtec.cat\/cete\/wp-content\/uploads\/usu2644\/2023\/10\/Copia-de-IMG_20231005_095408-3-759x1024.jpg 759w, https:\/\/projectes.xtec.cat\/cete\/wp-content\/uploads\/usu2644\/2023\/10\/Copia-de-IMG_20231005_095408-3-222x300.jpg 222w, https:\/\/projectes.xtec.cat\/cete\/wp-content\/uploads\/usu2644\/2023\/10\/Copia-de-IMG_20231005_095408-3-768x1036.jpg 768w, https:\/\/projectes.xtec.cat\/cete\/wp-content\/uploads\/usu2644\/2023\/10\/Copia-de-IMG_20231005_095408-3-1139x1536.jpg 1139w, https:\/\/projectes.xtec.cat\/cete\/wp-content\/uploads\/usu2644\/2023\/10\/Copia-de-IMG_20231005_095408-3-1519x2048.jpg 1519w, https:\/\/projectes.xtec.cat\/cete\/wp-content\/uploads\/usu2644\/2023\/10\/Copia-de-IMG_20231005_095408-3-scaled.jpg 1898w\" sizes=\"auto, (max-width: 387px) 100vw, 387px\" \/>\u00a0<\/a> <a href=\"https:\/\/projectes.xtec.cat\/cete\/wp-content\/uploads\/usu2644\/2023\/10\/PXL_20231005_094331723-scaled.jpg\"><img loading=\"lazy\" decoding=\"async\" class=\"wp-image-9779 alignleft\" src=\"https:\/\/projectes.xtec.cat\/cete\/wp-content\/uploads\/usu2644\/2023\/10\/PXL_20231005_094331723-1024x821.jpg\" alt=\"\" width=\"555\" height=\"445\" srcset=\"https:\/\/projectes.xtec.cat\/cete\/wp-content\/uploads\/usu2644\/2023\/10\/PXL_20231005_094331723-1024x821.jpg 1024w, https:\/\/projectes.xtec.cat\/cete\/wp-content\/uploads\/usu2644\/2023\/10\/PXL_20231005_094331723-300x240.jpg 300w, https:\/\/projectes.xtec.cat\/cete\/wp-content\/uploads\/usu2644\/2023\/10\/PXL_20231005_094331723-768x616.jpg 768w, https:\/\/projectes.xtec.cat\/cete\/wp-content\/uploads\/usu2644\/2023\/10\/PXL_20231005_094331723-1536x1231.jpg 1536w, https:\/\/projectes.xtec.cat\/cete\/wp-content\/uploads\/usu2644\/2023\/10\/PXL_20231005_094331723-2048x1642.jpg 2048w\" sizes=\"auto, (max-width: 555px) 100vw, 555px\" \/><\/a><\/p>\n","protected":false},"excerpt":{"rendered":"<p><a href=\"https:\/\/projectes.xtec.cat\/cete\/wp-content\/uploads\/usu2644\/2023\/10\/Copia-de-IMG-20231003-WA0023.jpg\"><\/a> Entre el 2 i el 6 d&#8217;octubre, en el marc del projecte CETE+ EMAILC, els docents Daniela Mart\u00ednez de l&#8217;Institut el Vern de Lli\u00e7\u00e0 de Vall, Olga Ortiz de l&#8217;escola el Gegant del Rec de Salt i Dar\u00edo Anguita de l&#8217;Institut de Gurb,&hellip;  <a href=\"https:\/\/projectes.xtec.cat\/cete\/portada\/job-shadowing-a-eslovenia-cete-emailc\/\" title=\"Read Job Shadowing a Eslov\u00e8nia CETE+ EMAILC\">Llegeix m\u00e9s\u00bb<\/a><\/p>\n","protected":false},"author":15,"featured_media":9778,"comment_status":"open","ping_status":"closed","sticky":false,"template":"","format":"standard","meta":{"_bbp_topic_count":0,"_bbp_reply_count":0,"_bbp_total_topic_count":0,"_bbp_total_reply_count":0,"_bbp_voice_count":0,"_bbp_anonymous_reply_count":0,"_bbp_topic_count_hidden":0,"_bbp_reply_count_hidden":0,"_bbp_forum_subforum_count":0,"footnotes":""},"categories":[296,29],"tags":[],"class_list":["post-9776","post","type-post","status-publish","format-standard","has-post-thumbnail","hentry","category-emailc","category-portada"],"post_mailing_queue_ids":[],"_links":{"self":[{"href":"https:\/\/projectes.xtec.cat\/cete\/wp-json\/wp\/v2\/posts\/9776","targetHints":{"allow":["GET"]}}],"collection":[{"href":"https:\/\/projectes.xtec.cat\/cete\/wp-json\/wp\/v2\/posts"}],"about":[{"href":"https:\/\/projectes.xtec.cat\/cete\/wp-json\/wp\/v2\/types\/post"}],"author":[{"embeddable":true,"href":"https:\/\/projectes.xtec.cat\/cete\/wp-json\/wp\/v2\/users\/15"}],"replies":[{"embeddable":true,"href":"https:\/\/projectes.xtec.cat\/cete\/wp-json\/wp\/v2\/comments?post=9776"}],"version-history":[{"count":5,"href":"https:\/\/projectes.xtec.cat\/cete\/wp-json\/wp\/v2\/posts\/9776\/revisions"}],"predecessor-version":[{"id":9784,"href":"https:\/\/projectes.xtec.cat\/cete\/wp-json\/wp\/v2\/posts\/9776\/revisions\/9784"}],"wp:featuredmedia":[{"embeddable":true,"href":"https:\/\/projectes.xtec.cat\/cete\/wp-json\/wp\/v2\/media\/9778"}],"wp:attachment":[{"href":"https:\/\/projectes.xtec.cat\/cete\/wp-json\/wp\/v2\/media?parent=9776"}],"wp:term":[{"taxonomy":"category","embeddable":true,"href":"https:\/\/projectes.xtec.cat\/cete\/wp-json\/wp\/v2\/categories?post=9776"},{"taxonomy":"post_tag","embeddable":true,"href":"https:\/\/projectes.xtec.cat\/cete\/wp-json\/wp\/v2\/tags?post=9776"}],"curies":[{"name":"wp","href":"https:\/\/api.w.org\/{rel}","templated":true}]}}