{"id":9931,"date":"2023-11-27T12:18:49","date_gmt":"2023-11-27T11:18:49","guid":{"rendered":"https:\/\/projectes.xtec.cat\/cete\/?p=9931"},"modified":"2023-11-27T12:23:32","modified_gmt":"2023-11-27T11:23:32","slug":"job-shadowing-a-vicenza-italia-cete-emailc","status":"publish","type":"post","link":"https:\/\/projectes.xtec.cat\/cete\/portada\/job-shadowing-a-vicenza-italia-cete-emailc\/","title":{"rendered":"Job Shadowing a Vicenza (It\u00e0lia) CETE+ EMAILC"},"content":{"rendered":"<p><a href=\"https:\/\/projectes.xtec.cat\/cete\/wp-content\/uploads\/usu2644\/2023\/11\/8b425811-9b11-4e5a-85e5-84851cb06a20.jpg\"><img loading=\"lazy\" decoding=\"async\" class=\" wp-image-9933 alignleft\" src=\"https:\/\/projectes.xtec.cat\/cete\/wp-content\/uploads\/usu2644\/2023\/11\/8b425811-9b11-4e5a-85e5-84851cb06a20.jpg\" alt=\"\" width=\"288\" height=\"384\" srcset=\"https:\/\/projectes.xtec.cat\/cete\/wp-content\/uploads\/usu2644\/2023\/11\/8b425811-9b11-4e5a-85e5-84851cb06a20.jpg 768w, https:\/\/projectes.xtec.cat\/cete\/wp-content\/uploads\/usu2644\/2023\/11\/8b425811-9b11-4e5a-85e5-84851cb06a20-225x300.jpg 225w\" sizes=\"auto, (max-width: 288px) 100vw, 288px\" \/><\/a>En el marc del projecte CETE+ EMAILC, entre el 13 i el 17 de novembre, els docents Irra Mu\u00f1iz de l\u2019Institut Sant Elm de Sant Feliu de Gu\u00edxols i Olga Bed\u00f3s de l&#8217;Institut Sales i Xandri de Sant Quirze del Vall\u00e8s, van participar activament en un per\u00edode de job shadowing als centres educatius Liceo Fogazzaro i Istituto Fusinieri de la ciutat de Vicenza.<\/p>\n<p>L&#8217;Irra Mu\u00f1iz ens ha fet arribar el seg\u00fcent comentari: &#8220;Despr\u00e9s de visitar els dos instituts de Vicenza (It\u00e0lia) que ens han acollit, puc dir que la idea del Job Shadowing \u00e9s una fant\u00e0stica manera de con\u00e8ixer altres realitats acad\u00e8miques, aix\u00ed com un espai on poder reflexionar sobre la mateixa actuaci\u00f3 educativa dels nostres centres. A m\u00e9s, aquesta experi\u00e8ncia ens obre la possibilitat d\u2019estendre xarxa amb els altres centres de la resta d&#8217;Europa. S&#8217;ha d&#8217;agrair al Liceo D. Giuseppe Fogazzaro i a l&#8217;Istituto Tecnico Commerciale A. Fusinieri per la rebuda tan meravellosa que ens han donat!&#8221;<\/p>\n<p>I l&#8217;Olga Bed\u00f3s, tamb\u00e9 ha compartit la seva experi\u00e8ncia: &#8220;Tenir la possibilitat de fer una tasca de Job shadowing en un centre educatiu d\u2019un altre pa\u00eds \u00e9s una experi\u00e8ncia molt enriquidora, tant en l&#8217;\u00e0mbit professional com personal. Aquests dies hem pogut visitar dos centres italians: Liceo Fogazzaro (m\u00e9s acad\u00e8mic i amb estudis m\u00e9s similars als que fem aqu\u00ed) i Istituto Fusinieri (principalment centrat en estudis econ\u00f2mics, de m\u00e0rqueting i relacions internacionals). Ens hem sentit molt ben acollits, tant pel professorat com per l&#8217;alumnat. El professorat dels dos instituts ens ha obert les portes amb il\u00b7lusi\u00f3 i s\u2019ha interessat pel sistema educatiu catal\u00e0. Hem compartit estones de conversa molt agradables, parlant de difer\u00e8ncies i similituds entre els nostres centres o les nostres classes. A m\u00e9s, hem pogut parlar amb l\u2019alumnat i veure de primera m\u00e0 el bon nivell acad\u00e8mic en lleng\u00fces estrangeres. Tant de bo tots els professionals que ho desitgin puguin gaudir d\u2019una experi\u00e8ncia similar. Estic plenament conven\u00e7uda que viatjar i con\u00e8ixer ajuda a eixamplar el punt de vista, a entendre que les coses es poden fer sempre de forma diferent i a tenir noves idees. A m\u00e9s, permet establir relacions entre professorat que acaben repercutint en la millora de l\u2019alumnat (compartici\u00f3 de tasques, intercanvis\u2026). Estic conven\u00e7uda que la participaci\u00f3 en aquest programa m\u2019ajudar\u00e0 a millorar la meva feina com a docent, ja que m\u2019ha proporcionat un espai de qualitat per a reflexionar.&#8221;<\/p>\n<p>Volem expressar el nostre sincer agra\u00efment a les coordinadores dels centres educatius italians, Chiara Morandini i Lisanna Francesca Martelletto.\u00a0 A m\u00e9s, volem estendre el nostre agra\u00efment al personal dels centres visitats. La seva acollida i l&#8217;acompanyament constant han contribu\u00eft de manera significativa a qu\u00e8 l&#8217;estada fos un \u00e8xit. No volem oblidar-nos de l&#8217;Olga i l&#8217;Irra, qui han compartit generosament les seves experi\u00e8ncies.<\/p>\n<p><a href=\"https:\/\/projectes.xtec.cat\/cete\/wp-content\/uploads\/usu2644\/2023\/11\/IMG_2354-scaled.jpg\"><img loading=\"lazy\" decoding=\"async\" class=\"wp-image-9939 alignleft\" src=\"https:\/\/projectes.xtec.cat\/cete\/wp-content\/uploads\/usu2644\/2023\/11\/IMG_2354-768x1024.jpg\" alt=\"\" width=\"407\" height=\"543\" srcset=\"https:\/\/projectes.xtec.cat\/cete\/wp-content\/uploads\/usu2644\/2023\/11\/IMG_2354-768x1024.jpg 768w, https:\/\/projectes.xtec.cat\/cete\/wp-content\/uploads\/usu2644\/2023\/11\/IMG_2354-225x300.jpg 225w, https:\/\/projectes.xtec.cat\/cete\/wp-content\/uploads\/usu2644\/2023\/11\/IMG_2354-1152x1536.jpg 1152w, https:\/\/projectes.xtec.cat\/cete\/wp-content\/uploads\/usu2644\/2023\/11\/IMG_2354-1536x2048.jpg 1536w, https:\/\/projectes.xtec.cat\/cete\/wp-content\/uploads\/usu2644\/2023\/11\/IMG_2354-scaled.jpg 1920w\" sizes=\"auto, (max-width: 407px) 100vw, 407px\" \/><\/a><a href=\"https:\/\/projectes.xtec.cat\/cete\/wp-content\/uploads\/usu2644\/2023\/11\/vicenza-6.jpeg\"><img loading=\"lazy\" decoding=\"async\" class=\" wp-image-9938 alignleft\" src=\"https:\/\/projectes.xtec.cat\/cete\/wp-content\/uploads\/usu2644\/2023\/11\/vicenza-6-1024x768.jpeg\" alt=\"\" width=\"503\" height=\"377\" srcset=\"https:\/\/projectes.xtec.cat\/cete\/wp-content\/uploads\/usu2644\/2023\/11\/vicenza-6-1024x768.jpeg 1024w, https:\/\/projectes.xtec.cat\/cete\/wp-content\/uploads\/usu2644\/2023\/11\/vicenza-6-300x225.jpeg 300w, https:\/\/projectes.xtec.cat\/cete\/wp-content\/uploads\/usu2644\/2023\/11\/vicenza-6-768x576.jpeg 768w, https:\/\/projectes.xtec.cat\/cete\/wp-content\/uploads\/usu2644\/2023\/11\/vicenza-6-1536x1152.jpeg 1536w, https:\/\/projectes.xtec.cat\/cete\/wp-content\/uploads\/usu2644\/2023\/11\/vicenza-6-200x150.jpeg 200w, https:\/\/projectes.xtec.cat\/cete\/wp-content\/uploads\/usu2644\/2023\/11\/vicenza-6.jpeg 2040w\" sizes=\"auto, (max-width: 503px) 100vw, 503px\" \/><\/a><\/p>\n","protected":false},"excerpt":{"rendered":"<p><a href=\"https:\/\/projectes.xtec.cat\/cete\/wp-content\/uploads\/usu2644\/2023\/11\/8b425811-9b11-4e5a-85e5-84851cb06a20.jpg\"><\/a>En el marc del projecte CETE+ EMAILC, entre el 13 i el 17 de novembre, els docents Irra Mu\u00f1iz de l\u2019Institut Sant Elm de Sant Feliu de Gu\u00edxols i Olga Bed\u00f3s de l&#8217;Institut Sales i Xandri de Sant Quirze del Vall\u00e8s, van participar activament&hellip;  <a href=\"https:\/\/projectes.xtec.cat\/cete\/portada\/job-shadowing-a-vicenza-italia-cete-emailc\/\" title=\"Read Job Shadowing a Vicenza (It\u00e0lia) CETE+ EMAILC\">Llegeix m\u00e9s\u00bb<\/a><\/p>\n","protected":false},"author":15,"featured_media":9933,"comment_status":"open","ping_status":"closed","sticky":false,"template":"","format":"standard","meta":{"_bbp_topic_count":0,"_bbp_reply_count":0,"_bbp_total_topic_count":0,"_bbp_total_reply_count":0,"_bbp_voice_count":0,"_bbp_anonymous_reply_count":0,"_bbp_topic_count_hidden":0,"_bbp_reply_count_hidden":0,"_bbp_forum_subforum_count":0,"footnotes":""},"categories":[296,29],"tags":[],"class_list":["post-9931","post","type-post","status-publish","format-standard","has-post-thumbnail","hentry","category-emailc","category-portada"],"post_mailing_queue_ids":[],"_links":{"self":[{"href":"https:\/\/projectes.xtec.cat\/cete\/wp-json\/wp\/v2\/posts\/9931","targetHints":{"allow":["GET"]}}],"collection":[{"href":"https:\/\/projectes.xtec.cat\/cete\/wp-json\/wp\/v2\/posts"}],"about":[{"href":"https:\/\/projectes.xtec.cat\/cete\/wp-json\/wp\/v2\/types\/post"}],"author":[{"embeddable":true,"href":"https:\/\/projectes.xtec.cat\/cete\/wp-json\/wp\/v2\/users\/15"}],"replies":[{"embeddable":true,"href":"https:\/\/projectes.xtec.cat\/cete\/wp-json\/wp\/v2\/comments?post=9931"}],"version-history":[{"count":3,"href":"https:\/\/projectes.xtec.cat\/cete\/wp-json\/wp\/v2\/posts\/9931\/revisions"}],"predecessor-version":[{"id":9942,"href":"https:\/\/projectes.xtec.cat\/cete\/wp-json\/wp\/v2\/posts\/9931\/revisions\/9942"}],"wp:featuredmedia":[{"embeddable":true,"href":"https:\/\/projectes.xtec.cat\/cete\/wp-json\/wp\/v2\/media\/9933"}],"wp:attachment":[{"href":"https:\/\/projectes.xtec.cat\/cete\/wp-json\/wp\/v2\/media?parent=9931"}],"wp:term":[{"taxonomy":"category","embeddable":true,"href":"https:\/\/projectes.xtec.cat\/cete\/wp-json\/wp\/v2\/categories?post=9931"},{"taxonomy":"post_tag","embeddable":true,"href":"https:\/\/projectes.xtec.cat\/cete\/wp-json\/wp\/v2\/tags?post=9931"}],"curies":[{"name":"wp","href":"https:\/\/api.w.org\/{rel}","templated":true}]}}