{"id":9954,"date":"2022-11-29T12:17:04","date_gmt":"2022-11-29T11:17:04","guid":{"rendered":"https:\/\/projectes.xtec.cat\/cete\/?p=9954"},"modified":"2023-12-01T10:50:08","modified_gmt":"2023-12-01T09:50:08","slug":"job-shadowing-a-tadim-i-braga-portugal","status":"publish","type":"post","link":"https:\/\/projectes.xtec.cat\/cete\/ia\/job-shadowing-a-tadim-i-braga-portugal\/","title":{"rendered":"Job shadowing a Tadim i Braga (Portugal)"},"content":{"rendered":"<p><span style=\"font-weight: 400;\">Les docents Gala Le\u00f3n de la ZER Baix Montseny, Imma Espinosa de l\u2019Escola Moss\u00e8n Cinto Verdaguer i Francesca Llurba de l\u2019Escola El Tur\u00f3, expliquen al seu diari que han fet una mobilitat molt especial a Tadim, prop de Braga. L\u2019Agrupamento de Escolas Trigal de Santa Maria els ha obert les portes per con\u00e8ixer la seva realitat. Hi ha una escola per cada cicle (a Portugal els cicles van diferents dels del nostre sistema), per\u00f2 totes tenen una cosa en com\u00fa: un entorn privilegiat i un equip de mestres molt hum\u00e0. Han fet aquest v\u00eddeo (<a href=\"https:\/\/www.youtube.com\/watch?v=byVVQAi65Cw\">enlla\u00e7<\/a>) per explicar l\u2019experi\u00e8ncia.<\/span><\/p>\n<p><a href=\"https:\/\/projectes.xtec.cat\/cete\/wp-content\/uploads\/usu2644\/2023\/11\/2.-Video-Braga-e1701329921259.png\"><img loading=\"lazy\" decoding=\"async\" class=\"wp-image-9788 aligncenter\" src=\"https:\/\/projectes.xtec.cat\/cete\/wp-content\/uploads\/usu2644\/2023\/11\/2.-Video-Braga-1024x557.png\" alt=\"\" width=\"478\" height=\"260\" \/><\/a><\/p>\n","protected":false},"excerpt":{"rendered":"<p>Les docents Gala Le\u00f3n de la ZER Baix Montseny, Imma Espinosa de l\u2019Escola Moss\u00e8n Cinto Verdaguer i Francesca Llurba de l\u2019Escola El Tur\u00f3, expliquen al seu diari que han fet una mobilitat molt especial a Tadim, prop de Braga. L\u2019Agrupamento de Escolas Trigal de Santa&hellip;  <a href=\"https:\/\/projectes.xtec.cat\/cete\/ia\/job-shadowing-a-tadim-i-braga-portugal\/\" title=\"Read Job shadowing a Tadim i Braga (Portugal)\">Llegeix m\u00e9s\u00bb<\/a><\/p>\n","protected":false},"author":35,"featured_media":9788,"comment_status":"open","ping_status":"closed","sticky":false,"template":"","format":"standard","meta":{"_bbp_topic_count":0,"_bbp_reply_count":0,"_bbp_total_topic_count":0,"_bbp_total_reply_count":0,"_bbp_voice_count":0,"_bbp_anonymous_reply_count":0,"_bbp_topic_count_hidden":0,"_bbp_reply_count_hidden":0,"_bbp_forum_subforum_count":0,"footnotes":""},"categories":[293],"tags":[330,332,333],"class_list":["post-9954","post","type-post","status-publish","format-standard","has-post-thumbnail","hentry","category-ia","tag-evidencia","tag-ia-evidencia-objectiu-2","tag-ia-evidencia-objectiu-5"],"post_mailing_queue_ids":[],"_links":{"self":[{"href":"https:\/\/projectes.xtec.cat\/cete\/wp-json\/wp\/v2\/posts\/9954","targetHints":{"allow":["GET"]}}],"collection":[{"href":"https:\/\/projectes.xtec.cat\/cete\/wp-json\/wp\/v2\/posts"}],"about":[{"href":"https:\/\/projectes.xtec.cat\/cete\/wp-json\/wp\/v2\/types\/post"}],"author":[{"embeddable":true,"href":"https:\/\/projectes.xtec.cat\/cete\/wp-json\/wp\/v2\/users\/35"}],"replies":[{"embeddable":true,"href":"https:\/\/projectes.xtec.cat\/cete\/wp-json\/wp\/v2\/comments?post=9954"}],"version-history":[{"count":6,"href":"https:\/\/projectes.xtec.cat\/cete\/wp-json\/wp\/v2\/posts\/9954\/revisions"}],"predecessor-version":[{"id":9972,"href":"https:\/\/projectes.xtec.cat\/cete\/wp-json\/wp\/v2\/posts\/9954\/revisions\/9972"}],"wp:featuredmedia":[{"embeddable":true,"href":"https:\/\/projectes.xtec.cat\/cete\/wp-json\/wp\/v2\/media\/9788"}],"wp:attachment":[{"href":"https:\/\/projectes.xtec.cat\/cete\/wp-json\/wp\/v2\/media?parent=9954"}],"wp:term":[{"taxonomy":"category","embeddable":true,"href":"https:\/\/projectes.xtec.cat\/cete\/wp-json\/wp\/v2\/categories?post=9954"},{"taxonomy":"post_tag","embeddable":true,"href":"https:\/\/projectes.xtec.cat\/cete\/wp-json\/wp\/v2\/tags?post=9954"}],"curies":[{"name":"wp","href":"https:\/\/api.w.org\/{rel}","templated":true}]}}