{"id":10074,"date":"2024-02-05T08:59:52","date_gmt":"2024-02-05T07:59:52","guid":{"rendered":"https:\/\/projectes.xtec.cat\/convivenciapositiva\/?p=10074"},"modified":"2024-02-05T08:59:52","modified_gmt":"2024-02-05T07:59:52","slug":"formacio-en-prevencio-de-la-violencia-masclista-per-a-lalumnat","status":"publish","type":"post","link":"https:\/\/projectes.xtec.cat\/conv2\/general\/formacio-en-prevencio-de-la-violencia-masclista-per-a-lalumnat\/","title":{"rendered":"Formaci\u00f3 en prevenci\u00f3 de la viol\u00e8ncia masclista per a l&#8217;alumnat"},"content":{"rendered":"<p>Els dossiers per als alumnes de cicle superior d\u2019Educaci\u00f3 Prim\u00e0ria i alumnat de 3r i 4t d\u2019ESO <span style=\"font-family: inherit; font-size: 1em;\">ara s\u00f3n editables per poder treballar en l\u00ednia sense la necessitat d&#8217;imprimir-los.<\/span><\/p>\n<p>Tamb\u00e9 inclou formaci\u00f3 per les fam\u00edlies.<\/p>\n<p>&nbsp;<\/p>\n<p><a href=\"https:\/\/xtec.gencat.cat\/ca\/centres\/projeducatiu\/convivencia\/prog-form-prev-violencia-masclista\/\" target=\"_blank\" rel=\"noopener\"><img loading=\"lazy\" decoding=\"async\" class=\"alignnone size-large wp-image-10091\" src=\"https:\/\/projectes.xtec.cat\/conv2\/wp-content\/uploads\/usu3025\/2024\/02\/Collage-de-fotos-horizontal-Feliz-San-Valentin-Sencillo-Blanco-y-negro-1024x819.png\" alt=\"\" width=\"1024\" height=\"819\" srcset=\"https:\/\/projectes.xtec.cat\/conv2\/wp-content\/uploads\/usu3025\/2024\/02\/Collage-de-fotos-horizontal-Feliz-San-Valentin-Sencillo-Blanco-y-negro-1024x819.png 1024w, https:\/\/projectes.xtec.cat\/conv2\/wp-content\/uploads\/usu3025\/2024\/02\/Collage-de-fotos-horizontal-Feliz-San-Valentin-Sencillo-Blanco-y-negro-300x240.png 300w, https:\/\/projectes.xtec.cat\/conv2\/wp-content\/uploads\/usu3025\/2024\/02\/Collage-de-fotos-horizontal-Feliz-San-Valentin-Sencillo-Blanco-y-negro-768x614.png 768w, https:\/\/projectes.xtec.cat\/conv2\/wp-content\/uploads\/usu3025\/2024\/02\/Collage-de-fotos-horizontal-Feliz-San-Valentin-Sencillo-Blanco-y-negro-1536x1229.png 1536w, https:\/\/projectes.xtec.cat\/conv2\/wp-content\/uploads\/usu3025\/2024\/02\/Collage-de-fotos-horizontal-Feliz-San-Valentin-Sencillo-Blanco-y-negro.png 2000w\" sizes=\"auto, (max-width: 1024px) 100vw, 1024px\" \/><\/a><\/p>\n","protected":false},"excerpt":{"rendered":"<p>Els dossiers per als alumnes de cicle superior d\u2019Educaci\u00f3 Prim\u00e0ria i alumnat de 3r i 4t d\u2019ESO ara s\u00f3n editables per poder treballar en l\u00ednia sense la necessitat d&#8217;imprimir-los. Tamb\u00e9 inclou formaci\u00f3 per les fam\u00edlies. &nbsp;<\/p>\n","protected":false},"author":3,"featured_media":10091,"comment_status":"closed","ping_status":"closed","sticky":false,"template":"","format":"standard","meta":{"site-sidebar-layout":"default","site-content-layout":"","ast-site-content-layout":"","site-content-style":"default","site-sidebar-style":"default","ast-global-header-display":"","ast-banner-title-visibility":"","ast-main-header-display":"","ast-hfb-above-header-display":"","ast-hfb-below-header-display":"","ast-hfb-mobile-header-display":"","site-post-title":"","ast-breadcrumbs-content":"","ast-featured-img":"","footer-sml-layout":"","theme-transparent-header-meta":"","adv-header-id-meta":"","stick-header-meta":"","header-above-stick-meta":"","header-main-stick-meta":"","header-below-stick-meta":"","astra-migrate-meta-layouts":"default","ast-page-background-enabled":"default","ast-page-background-meta":{"desktop":{"background-color":"var(--ast-global-color-4)","background-image":"","background-repeat":"repeat","background-position":"center center","background-size":"auto","background-attachment":"scroll","background-type":"","background-media":"","overlay-type":"","overlay-color":"","overlay-opacity":"","overlay-gradient":""},"tablet":{"background-color":"","background-image":"","background-repeat":"repeat","background-position":"center center","background-size":"auto","background-attachment":"scroll","background-type":"","background-media":"","overlay-type":"","overlay-color":"","overlay-opacity":"","overlay-gradient":""},"mobile":{"background-color":"","background-image":"","background-repeat":"repeat","background-position":"center center","background-size":"auto","background-attachment":"scroll","background-type":"","background-media":"","overlay-type":"","overlay-color":"","overlay-opacity":"","overlay-gradient":""}},"ast-content-background-meta":{"desktop":{"background-color":"var(--ast-global-color-5)","background-image":"","background-repeat":"repeat","background-position":"center center","background-size":"auto","background-attachment":"scroll","background-type":"","background-media":"","overlay-type":"","overlay-color":"","overlay-opacity":"","overlay-gradient":""},"tablet":{"background-color":"var(--ast-global-color-5)","background-image":"","background-repeat":"repeat","background-position":"center center","background-size":"auto","background-attachment":"scroll","background-type":"","background-media":"","overlay-type":"","overlay-color":"","overlay-opacity":"","overlay-gradient":""},"mobile":{"background-color":"var(--ast-global-color-5)","background-image":"","background-repeat":"repeat","background-position":"center center","background-size":"auto","background-attachment":"scroll","background-type":"","background-media":"","overlay-type":"","overlay-color":"","overlay-opacity":"","overlay-gradient":""}},"footnotes":""},"categories":[304,1,291,301,302],"tags":[],"class_list":["post-10074","post","type-post","status-publish","format-standard","has-post-thumbnail","hentry","category-convivencia","category-general","category-portada","category-prevencio-violencia-masclista","category-projecte-de-convivencia"],"post_mailing_queue_ids":[],"_links":{"self":[{"href":"https:\/\/projectes.xtec.cat\/conv2\/wp-json\/wp\/v2\/posts\/10074","targetHints":{"allow":["GET"]}}],"collection":[{"href":"https:\/\/projectes.xtec.cat\/conv2\/wp-json\/wp\/v2\/posts"}],"about":[{"href":"https:\/\/projectes.xtec.cat\/conv2\/wp-json\/wp\/v2\/types\/post"}],"author":[{"embeddable":true,"href":"https:\/\/projectes.xtec.cat\/conv2\/wp-json\/wp\/v2\/users\/3"}],"replies":[{"embeddable":true,"href":"https:\/\/projectes.xtec.cat\/conv2\/wp-json\/wp\/v2\/comments?post=10074"}],"version-history":[{"count":0,"href":"https:\/\/projectes.xtec.cat\/conv2\/wp-json\/wp\/v2\/posts\/10074\/revisions"}],"wp:featuredmedia":[{"embeddable":true,"href":"https:\/\/projectes.xtec.cat\/conv2\/wp-json\/wp\/v2\/media\/10091"}],"wp:attachment":[{"href":"https:\/\/projectes.xtec.cat\/conv2\/wp-json\/wp\/v2\/media?parent=10074"}],"wp:term":[{"taxonomy":"category","embeddable":true,"href":"https:\/\/projectes.xtec.cat\/conv2\/wp-json\/wp\/v2\/categories?post=10074"},{"taxonomy":"post_tag","embeddable":true,"href":"https:\/\/projectes.xtec.cat\/conv2\/wp-json\/wp\/v2\/tags?post=10074"}],"curies":[{"name":"wp","href":"https:\/\/api.w.org\/{rel}","templated":true}]}}