{"id":10223,"date":"2024-03-19T12:44:33","date_gmt":"2024-03-19T11:44:33","guid":{"rendered":"https:\/\/projectes.xtec.cat\/convivenciapositiva\/?p=10223"},"modified":"2024-03-19T12:44:33","modified_gmt":"2024-03-19T11:44:33","slug":"jornades-de-portes-obertes-en-clau-dequitat-educativa","status":"publish","type":"post","link":"https:\/\/projectes.xtec.cat\/conv2\/general\/jornades-de-portes-obertes-en-clau-dequitat-educativa\/","title":{"rendered":"Jornades de portes obertes en clau d&#8217;equitat educativa"},"content":{"rendered":"<p>Reduir la segregaci\u00f3 escolar \u00e9s un dels reptes m\u00e9s importants que tenim com a pa\u00eds i requereix la complicitat de tothom: administraci\u00f3, entitats i ciutadania. Per posar en valor aquest comprom\u00eds, el Departament d&#8217;Educaci\u00f3 ha elaborat el v\u00eddeo Portes obertes per l&#8217;equitat, amb l&#8217;objectiu de contribuir a l&#8217;equitat educativa per millorar la cohesi\u00f3 social, la conviv\u00e8ncia i la igualtat d&#8217;oportunitats.<\/p>\n<p><iframe loading=\"lazy\" title=\"YouTube video player\" src=\"https:\/\/www.youtube.com\/embed\/fbYbVkJCQic?si=8XZW9Jdiqqz9PW75\" width=\"560\" height=\"315\" frameborder=\"0\" allowfullscreen=\"allowfullscreen\"><\/iframe><\/p>\n<p>Per aix\u00f2, l&#8217;escolaritzaci\u00f3 de proximitat \u00e9s una bona mesura per fomentar l&#8217;equitat i facilitar la conciliaci\u00f3 familiar, el sentiment de pertinen\u00e7a a l&#8217;entorn i la sostenibilitat. A m\u00e9s, totes les escoles ofereixen un servei de qualitat i garanteixen una bona educaci\u00f3 a tots els infants.<\/p>\n","protected":false},"excerpt":{"rendered":"<p>Reduir la segregaci\u00f3 escolar \u00e9s un dels reptes m\u00e9s importants que tenim com a pa\u00eds i requereix la complicitat de tothom: administraci\u00f3, entitats i ciutadania. Per posar en valor aquest comprom\u00eds, el Departament d&#8217;Educaci\u00f3 ha elaborat el v\u00eddeo Portes obertes per l&#8217;equitat, amb l&#8217;objectiu de contribuir a l&#8217;equitat educativa per millorar la cohesi\u00f3 social, la [&hellip;]<\/p>\n","protected":false},"author":3,"featured_media":10222,"comment_status":"closed","ping_status":"closed","sticky":false,"template":"","format":"standard","meta":{"site-sidebar-layout":"default","site-content-layout":"","ast-site-content-layout":"","site-content-style":"default","site-sidebar-style":"default","ast-global-header-display":"","ast-banner-title-visibility":"","ast-main-header-display":"","ast-hfb-above-header-display":"","ast-hfb-below-header-display":"","ast-hfb-mobile-header-display":"","site-post-title":"","ast-breadcrumbs-content":"","ast-featured-img":"","footer-sml-layout":"","theme-transparent-header-meta":"","adv-header-id-meta":"","stick-header-meta":"","header-above-stick-meta":"","header-main-stick-meta":"","header-below-stick-meta":"","astra-migrate-meta-layouts":"default","ast-page-background-enabled":"default","ast-page-background-meta":{"desktop":{"background-color":"var(--ast-global-color-4)","background-image":"","background-repeat":"repeat","background-position":"center center","background-size":"auto","background-attachment":"scroll","background-type":"","background-media":"","overlay-type":"","overlay-color":"","overlay-opacity":"","overlay-gradient":""},"tablet":{"background-color":"","background-image":"","background-repeat":"repeat","background-position":"center center","background-size":"auto","background-attachment":"scroll","background-type":"","background-media":"","overlay-type":"","overlay-color":"","overlay-opacity":"","overlay-gradient":""},"mobile":{"background-color":"","background-image":"","background-repeat":"repeat","background-position":"center center","background-size":"auto","background-attachment":"scroll","background-type":"","background-media":"","overlay-type":"","overlay-color":"","overlay-opacity":"","overlay-gradient":""}},"ast-content-background-meta":{"desktop":{"background-color":"var(--ast-global-color-5)","background-image":"","background-repeat":"repeat","background-position":"center center","background-size":"auto","background-attachment":"scroll","background-type":"","background-media":"","overlay-type":"","overlay-color":"","overlay-opacity":"","overlay-gradient":""},"tablet":{"background-color":"var(--ast-global-color-5)","background-image":"","background-repeat":"repeat","background-position":"center center","background-size":"auto","background-attachment":"scroll","background-type":"","background-media":"","overlay-type":"","overlay-color":"","overlay-opacity":"","overlay-gradient":""},"mobile":{"background-color":"var(--ast-global-color-5)","background-image":"","background-repeat":"repeat","background-position":"center center","background-size":"auto","background-attachment":"scroll","background-type":"","background-media":"","overlay-type":"","overlay-color":"","overlay-opacity":"","overlay-gradient":""}},"footnotes":""},"categories":[304,294,298,1,291],"tags":[],"class_list":["post-10223","post","type-post","status-publish","format-standard","has-post-thumbnail","hentry","category-convivencia","category-com-acompanyem-a-les-families","category-equitat-educativa","category-general","category-portada"],"post_mailing_queue_ids":[],"_links":{"self":[{"href":"https:\/\/projectes.xtec.cat\/conv2\/wp-json\/wp\/v2\/posts\/10223","targetHints":{"allow":["GET"]}}],"collection":[{"href":"https:\/\/projectes.xtec.cat\/conv2\/wp-json\/wp\/v2\/posts"}],"about":[{"href":"https:\/\/projectes.xtec.cat\/conv2\/wp-json\/wp\/v2\/types\/post"}],"author":[{"embeddable":true,"href":"https:\/\/projectes.xtec.cat\/conv2\/wp-json\/wp\/v2\/users\/3"}],"replies":[{"embeddable":true,"href":"https:\/\/projectes.xtec.cat\/conv2\/wp-json\/wp\/v2\/comments?post=10223"}],"version-history":[{"count":0,"href":"https:\/\/projectes.xtec.cat\/conv2\/wp-json\/wp\/v2\/posts\/10223\/revisions"}],"wp:featuredmedia":[{"embeddable":true,"href":"https:\/\/projectes.xtec.cat\/conv2\/wp-json\/wp\/v2\/media\/10222"}],"wp:attachment":[{"href":"https:\/\/projectes.xtec.cat\/conv2\/wp-json\/wp\/v2\/media?parent=10223"}],"wp:term":[{"taxonomy":"category","embeddable":true,"href":"https:\/\/projectes.xtec.cat\/conv2\/wp-json\/wp\/v2\/categories?post=10223"},{"taxonomy":"post_tag","embeddable":true,"href":"https:\/\/projectes.xtec.cat\/conv2\/wp-json\/wp\/v2\/tags?post=10223"}],"curies":[{"name":"wp","href":"https:\/\/api.w.org\/{rel}","templated":true}]}}