{"id":8408,"date":"2022-05-10T09:26:52","date_gmt":"2022-05-10T07:26:52","guid":{"rendered":"https:\/\/projectes.xtec.cat\/convivenciapositiva\/?p=8408"},"modified":"2022-05-10T09:26:52","modified_gmt":"2022-05-10T07:26:52","slug":"article-de-prova-families","status":"publish","type":"post","link":"https:\/\/projectes.xtec.cat\/conv2\/portada\/article-de-prova-families\/","title":{"rendered":"JORNADA ONLINE D\u2019INTERCANVI D\u2019EXPERI\u00c8NCIES:"},"content":{"rendered":"<h3 style=\"text-align: center;\"><a href=\"https:\/\/projectes.xtec.cat\/conv2\/wp-content\/uploads\/usu3025\/2022\/04\/Copia-de-Copia-de-22-Jornada-dintercanvi-APRB-1.png\">Acompanyament, implicaci\u00f3 i participaci\u00f3 de les fam\u00edlies en la comunitat educativa<img loading=\"lazy\" decoding=\"async\" class=\"wp-image-8684 aligncenter\" src=\"https:\/\/projectes.xtec.cat\/conv2\/wp-content\/uploads\/usu3025\/2022\/04\/Copia-de-Copia-de-22-Jornada-dintercanvi-APRB-1-724x1024.png\" alt=\"\" width=\"480\" height=\"680\" srcset=\"https:\/\/projectes.xtec.cat\/conv2\/wp-content\/uploads\/usu3025\/2022\/04\/Copia-de-Copia-de-22-Jornada-dintercanvi-APRB-1-724x1024.png 724w, https:\/\/projectes.xtec.cat\/conv2\/wp-content\/uploads\/usu3025\/2022\/04\/Copia-de-Copia-de-22-Jornada-dintercanvi-APRB-1-212x300.png 212w, https:\/\/projectes.xtec.cat\/conv2\/wp-content\/uploads\/usu3025\/2022\/04\/Copia-de-Copia-de-22-Jornada-dintercanvi-APRB-1-768x1086.png 768w, https:\/\/projectes.xtec.cat\/conv2\/wp-content\/uploads\/usu3025\/2022\/04\/Copia-de-Copia-de-22-Jornada-dintercanvi-APRB-1-1086x1536.png 1086w, https:\/\/projectes.xtec.cat\/conv2\/wp-content\/uploads\/usu3025\/2022\/04\/Copia-de-Copia-de-22-Jornada-dintercanvi-APRB-1.png 1414w\" sizes=\"auto, (max-width: 480px) 100vw, 480px\" \/><\/a><\/h3>\n<p>El Departament d\u2019Educaci\u00f3 organitza la jornada virtual d\u2019intercanvi d\u2019experi\u00e8ncies &#8220;Acompanyament, implicaci\u00f3 i participaci\u00f3 de les fam\u00edlies en la comunitat educativa&#8221;. Es vol aconseguir una comunicaci\u00f3 i una relaci\u00f3 entre les fam\u00edlies i el centre educatiu que permeti explicar qu\u00e8 es fa i per qu\u00e8 es fa i compartir aquells objectius que s\u00f3n imprescindibles. S&#8217;ha de poder acostar la veu de les fam\u00edlies a l\u2019escola i refor\u00e7ar la seva implicaci\u00f3 en l\u2019educaci\u00f3 escolar com a primers referents educatius i responsables de la formaci\u00f3 dels fills i filles.<\/p>\n","protected":false},"excerpt":{"rendered":"<p>Acompanyament, implicaci\u00f3 i participaci\u00f3 de les fam\u00edlies en la comunitat educativa El Departament d\u2019Educaci\u00f3 organitza la jornada virtual d\u2019intercanvi d\u2019experi\u00e8ncies &#8220;Acompanyament, implicaci\u00f3 i participaci\u00f3 de les fam\u00edlies en la comunitat educativa&#8221;. Es vol aconseguir una comunicaci\u00f3 i una relaci\u00f3 entre les fam\u00edlies i el centre educatiu que permeti explicar qu\u00e8 es fa i per qu\u00e8 [&hellip;]<\/p>\n","protected":false},"author":1,"featured_media":0,"comment_status":"open","ping_status":"closed","sticky":false,"template":"","format":"standard","meta":{"site-sidebar-layout":"default","site-content-layout":"","ast-site-content-layout":"","site-content-style":"default","site-sidebar-style":"default","ast-global-header-display":"","ast-banner-title-visibility":"","ast-main-header-display":"","ast-hfb-above-header-display":"","ast-hfb-below-header-display":"","ast-hfb-mobile-header-display":"","site-post-title":"","ast-breadcrumbs-content":"","ast-featured-img":"","footer-sml-layout":"","theme-transparent-header-meta":"","adv-header-id-meta":"","stick-header-meta":"","header-above-stick-meta":"","header-main-stick-meta":"","header-below-stick-meta":"","astra-migrate-meta-layouts":"default","ast-page-background-enabled":"default","ast-page-background-meta":{"desktop":{"background-color":"var(--ast-global-color-4)","background-image":"","background-repeat":"repeat","background-position":"center center","background-size":"auto","background-attachment":"scroll","background-type":"","background-media":"","overlay-type":"","overlay-color":"","overlay-opacity":"","overlay-gradient":""},"tablet":{"background-color":"","background-image":"","background-repeat":"repeat","background-position":"center center","background-size":"auto","background-attachment":"scroll","background-type":"","background-media":"","overlay-type":"","overlay-color":"","overlay-opacity":"","overlay-gradient":""},"mobile":{"background-color":"","background-image":"","background-repeat":"repeat","background-position":"center center","background-size":"auto","background-attachment":"scroll","background-type":"","background-media":"","overlay-type":"","overlay-color":"","overlay-opacity":"","overlay-gradient":""}},"ast-content-background-meta":{"desktop":{"background-color":"var(--ast-global-color-5)","background-image":"","background-repeat":"repeat","background-position":"center center","background-size":"auto","background-attachment":"scroll","background-type":"","background-media":"","overlay-type":"","overlay-color":"","overlay-opacity":"","overlay-gradient":""},"tablet":{"background-color":"var(--ast-global-color-5)","background-image":"","background-repeat":"repeat","background-position":"center center","background-size":"auto","background-attachment":"scroll","background-type":"","background-media":"","overlay-type":"","overlay-color":"","overlay-opacity":"","overlay-gradient":""},"mobile":{"background-color":"var(--ast-global-color-5)","background-image":"","background-repeat":"repeat","background-position":"center center","background-size":"auto","background-attachment":"scroll","background-type":"","background-media":"","overlay-type":"","overlay-color":"","overlay-opacity":"","overlay-gradient":""}},"footnotes":""},"categories":[294,291],"tags":[],"class_list":["post-8408","post","type-post","status-publish","format-standard","hentry","category-com-acompanyem-a-les-families","category-portada"],"post_mailing_queue_ids":[],"_links":{"self":[{"href":"https:\/\/projectes.xtec.cat\/conv2\/wp-json\/wp\/v2\/posts\/8408","targetHints":{"allow":["GET"]}}],"collection":[{"href":"https:\/\/projectes.xtec.cat\/conv2\/wp-json\/wp\/v2\/posts"}],"about":[{"href":"https:\/\/projectes.xtec.cat\/conv2\/wp-json\/wp\/v2\/types\/post"}],"author":[{"embeddable":true,"href":"https:\/\/projectes.xtec.cat\/conv2\/wp-json\/wp\/v2\/users\/1"}],"replies":[{"embeddable":true,"href":"https:\/\/projectes.xtec.cat\/conv2\/wp-json\/wp\/v2\/comments?post=8408"}],"version-history":[{"count":0,"href":"https:\/\/projectes.xtec.cat\/conv2\/wp-json\/wp\/v2\/posts\/8408\/revisions"}],"wp:attachment":[{"href":"https:\/\/projectes.xtec.cat\/conv2\/wp-json\/wp\/v2\/media?parent=8408"}],"wp:term":[{"taxonomy":"category","embeddable":true,"href":"https:\/\/projectes.xtec.cat\/conv2\/wp-json\/wp\/v2\/categories?post=8408"},{"taxonomy":"post_tag","embeddable":true,"href":"https:\/\/projectes.xtec.cat\/conv2\/wp-json\/wp\/v2\/tags?post=8408"}],"curies":[{"name":"wp","href":"https:\/\/api.w.org\/{rel}","templated":true}]}}