{"id":8953,"date":"2022-09-12T19:12:55","date_gmt":"2022-09-12T17:12:55","guid":{"rendered":"https:\/\/projectes.xtec.cat\/convivenciapositiva\/?p=8953"},"modified":"2022-09-12T19:12:55","modified_gmt":"2022-09-12T17:12:55","slug":"prevencio-i-deteccio-dautolesions-i-conductes-suicides","status":"publish","type":"post","link":"https:\/\/projectes.xtec.cat\/conv2\/portada\/prevencio-i-deteccio-dautolesions-i-conductes-suicides\/","title":{"rendered":"Prevenci\u00f3 i detecci\u00f3 d&#8217;autolesions i conductes su\u00efcides"},"content":{"rendered":"<p><a href=\"https:\/\/projectes.xtec.cat\/conv2\/wp-content\/uploads\/usu3025\/2022\/09\/conductes-suicides.png_563309836.png\"><img loading=\"lazy\" decoding=\"async\" class=\"wp-image-8954 alignleft\" src=\"https:\/\/projectes.xtec.cat\/conv2\/wp-content\/uploads\/usu3025\/2022\/09\/conductes-suicides.png_563309836.png\" alt=\"\" width=\"313\" height=\"313\" srcset=\"https:\/\/projectes.xtec.cat\/conv2\/wp-content\/uploads\/usu3025\/2022\/09\/conductes-suicides.png_563309836.png 500w, https:\/\/projectes.xtec.cat\/conv2\/wp-content\/uploads\/usu3025\/2022\/09\/conductes-suicides.png_563309836-300x300.png 300w, https:\/\/projectes.xtec.cat\/conv2\/wp-content\/uploads\/usu3025\/2022\/09\/conductes-suicides.png_563309836-150x150.png 150w\" sizes=\"auto, (max-width: 313px) 100vw, 313px\" \/><\/a><\/p>\n<p>&nbsp;<\/p>\n<p>Del su\u00efcidi juvenil no se&#8217;n parla gaire per\u00f2, malauradament, \u00e9s un fet cada vegada m\u00e9s freq\u00fcent. Us volem ajudar a prevenir i a detectar els factors de risc que poden portar a conductes autolesives. El suport de l&#8217;entorn social i escolar pot ser molt important per aix\u00f2 posem al vostre abast recursos per a la reflexi\u00f3 i entitats que ofereixen suport en situacions que ho necessitin.<\/p>\n<p>Llegiu <a href=\"https:\/\/educacio.gencat.cat\/ca\/arees-actuacio\/families\/ajudem-fills\/conductes-suicides\/\" target=\"_blank\" rel=\"noopener\">l&#8217;article<\/a> sencer per con\u00e8ixer els tipus de conductes, els factors de risc, com prevenir-les i detectar-les i com ajudar els i les joves.<\/p>\n","protected":false},"excerpt":{"rendered":"<p>&nbsp; Del su\u00efcidi juvenil no se&#8217;n parla gaire per\u00f2, malauradament, \u00e9s un fet cada vegada m\u00e9s freq\u00fcent. Us volem ajudar a prevenir i a detectar els factors de risc que poden portar a conductes autolesives. El suport de l&#8217;entorn social i escolar pot ser molt important per aix\u00f2 posem al vostre abast recursos per a [&hellip;]<\/p>\n","protected":false},"author":3,"featured_media":8954,"comment_status":"closed","ping_status":"closed","sticky":false,"template":"","format":"standard","meta":{"site-sidebar-layout":"default","site-content-layout":"","ast-site-content-layout":"","site-content-style":"default","site-sidebar-style":"default","ast-global-header-display":"","ast-banner-title-visibility":"","ast-main-header-display":"","ast-hfb-above-header-display":"","ast-hfb-below-header-display":"","ast-hfb-mobile-header-display":"","site-post-title":"","ast-breadcrumbs-content":"","ast-featured-img":"","footer-sml-layout":"","theme-transparent-header-meta":"","adv-header-id-meta":"","stick-header-meta":"","header-above-stick-meta":"","header-main-stick-meta":"","header-below-stick-meta":"","astra-migrate-meta-layouts":"default","ast-page-background-enabled":"default","ast-page-background-meta":{"desktop":{"background-color":"var(--ast-global-color-4)","background-image":"","background-repeat":"repeat","background-position":"center center","background-size":"auto","background-attachment":"scroll","background-type":"","background-media":"","overlay-type":"","overlay-color":"","overlay-opacity":"","overlay-gradient":""},"tablet":{"background-color":"","background-image":"","background-repeat":"repeat","background-position":"center center","background-size":"auto","background-attachment":"scroll","background-type":"","background-media":"","overlay-type":"","overlay-color":"","overlay-opacity":"","overlay-gradient":""},"mobile":{"background-color":"","background-image":"","background-repeat":"repeat","background-position":"center center","background-size":"auto","background-attachment":"scroll","background-type":"","background-media":"","overlay-type":"","overlay-color":"","overlay-opacity":"","overlay-gradient":""}},"ast-content-background-meta":{"desktop":{"background-color":"var(--ast-global-color-5)","background-image":"","background-repeat":"repeat","background-position":"center center","background-size":"auto","background-attachment":"scroll","background-type":"","background-media":"","overlay-type":"","overlay-color":"","overlay-opacity":"","overlay-gradient":""},"tablet":{"background-color":"var(--ast-global-color-5)","background-image":"","background-repeat":"repeat","background-position":"center center","background-size":"auto","background-attachment":"scroll","background-type":"","background-media":"","overlay-type":"","overlay-color":"","overlay-opacity":"","overlay-gradient":""},"mobile":{"background-color":"var(--ast-global-color-5)","background-image":"","background-repeat":"repeat","background-position":"center center","background-size":"auto","background-attachment":"scroll","background-type":"","background-media":"","overlay-type":"","overlay-color":"","overlay-opacity":"","overlay-gradient":""}},"footnotes":""},"categories":[293,294,291],"tags":[],"class_list":["post-8953","post","type-post","status-publish","format-standard","has-post-thumbnail","hentry","category-aquiproubullying","category-com-acompanyem-a-les-families","category-portada"],"post_mailing_queue_ids":[],"_links":{"self":[{"href":"https:\/\/projectes.xtec.cat\/conv2\/wp-json\/wp\/v2\/posts\/8953","targetHints":{"allow":["GET"]}}],"collection":[{"href":"https:\/\/projectes.xtec.cat\/conv2\/wp-json\/wp\/v2\/posts"}],"about":[{"href":"https:\/\/projectes.xtec.cat\/conv2\/wp-json\/wp\/v2\/types\/post"}],"author":[{"embeddable":true,"href":"https:\/\/projectes.xtec.cat\/conv2\/wp-json\/wp\/v2\/users\/3"}],"replies":[{"embeddable":true,"href":"https:\/\/projectes.xtec.cat\/conv2\/wp-json\/wp\/v2\/comments?post=8953"}],"version-history":[{"count":0,"href":"https:\/\/projectes.xtec.cat\/conv2\/wp-json\/wp\/v2\/posts\/8953\/revisions"}],"wp:featuredmedia":[{"embeddable":true,"href":"https:\/\/projectes.xtec.cat\/conv2\/wp-json\/wp\/v2\/media\/8954"}],"wp:attachment":[{"href":"https:\/\/projectes.xtec.cat\/conv2\/wp-json\/wp\/v2\/media?parent=8953"}],"wp:term":[{"taxonomy":"category","embeddable":true,"href":"https:\/\/projectes.xtec.cat\/conv2\/wp-json\/wp\/v2\/categories?post=8953"},{"taxonomy":"post_tag","embeddable":true,"href":"https:\/\/projectes.xtec.cat\/conv2\/wp-json\/wp\/v2\/tags?post=8953"}],"curies":[{"name":"wp","href":"https:\/\/api.w.org\/{rel}","templated":true}]}}