{"id":9149,"date":"2023-04-11T09:30:07","date_gmt":"2023-04-11T07:30:07","guid":{"rendered":"https:\/\/projectes.xtec.cat\/convivenciapositiva\/?p=9149"},"modified":"2023-04-11T09:30:07","modified_gmt":"2023-04-11T07:30:07","slug":"i-premios-de-bienestar-emocional-en-el-ambito-educativo","status":"publish","type":"post","link":"https:\/\/projectes.xtec.cat\/conv2\/portada\/i-premios-de-bienestar-emocional-en-el-ambito-educativo\/","title":{"rendered":"I Premios de bienestar emocional en el \u00e1mbito educativo"},"content":{"rendered":"<h5><strong>Atenci\u00f3 docents! <span style=\"font-family: inherit; font-size: 1em;\">Al vostre centre esteu treballant el benestar emocional de l&#8217;alumnat? Feu din\u00e0miques per promoure la resoluci\u00f3 pac\u00edfica dels conflictes? I activitats per prevenir l&#8217;addicci\u00f3 a les pantalles i el ciberassetjament? <\/span><\/strong><\/h5>\n<p><span style=\"font-family: inherit; font-size: 1em;\">Us podeu presentar als <\/span><em style=\"font-family: inherit; font-size: 1em;\">I Premios de bienestar emocional en el \u00e1mbito educativo<\/em><span style=\"font-family: inherit; font-size: 1em;\">, adre\u00e7ats a centres que desenvolupen projectes de promoci\u00f3 del benestar emocional, amb l&#8217;objectiu de recon\u00e8ixer l&#8217;esfor\u00e7 realitzat pels centres educatius en la millora de la qualitat de l&#8217;educaci\u00f3.<\/span><\/p>\n<p style=\"font-weight: 400;\">Amb aquest premi es pretenen afavorir les actuacions seg\u00fcents:<\/p>\n<p>a) Promoure la implementaci\u00f3 de programes de millora i increment del benestar emocional.<br \/>\nb) Contribuir al desenvolupament personal i social del&#8217;alumnata trav\u00e9s de la cura i promoci\u00f3 del benestar emocional, especialment a trav\u00e9s de l\u2019increment de la seva participaci\u00f3 en les din\u00e0miques i estructures del centre.<br \/>\nc) Desenvolupar i adquirir compet\u00e8ncies emocionals associades a la resili\u00e8ncia, l&#8217;enfortiment de l&#8217;autoestima, les compet\u00e8ncies socials orientades a la participaci\u00f3 de l&#8217;alumnat, les habilitats per a la presa de decisions i la resoluci\u00f3 pac\u00edfica de conflictes.<br \/>\nd) Refermar intervencions comunit\u00e0ries en el camp de la salut mental i del benestar emocional, establint connexions entre professionals de centres escolars, centres sanitaris i col\u00b7lectius locals de suport a la inf\u00e0ncia i joventut.<br \/>\ne) Proporcionar eines a la comunitat educativa, especialment a l&#8217;alumnat i a les fam\u00edlies, per a la prevenci\u00f3 de l&#8217;ab\u00fas de les TIC, prevenci\u00f3 d&#8217;addiccions amb subst\u00e0ncia i sense, i prevenci\u00f3 de la ciberaddicci\u00f3 i ciberassetjament.<br \/>\nf) Impulsar i\/o afavorir la intervenci\u00f3\/col\u00b7laboraci\u00f3 del coordinador o coordinadora de benestar i protecci\u00f3.<\/p>\n<p>El termini per fer la inscripci\u00f3 acaba a les 14 hores del 24 d&#8217;abril de 2024.<\/p>\n<p>Consulteu tota la informaci\u00f3 <a href=\"https:\/\/www.educacionyfp.gob.es\/servicios-al-ciudadano\/catalogo\/general\/29\/2983783\/ficha\/2983783-2023.html\" target=\"_blank\" rel=\"noopener\">AQU\u00cd.<\/a><\/p>\n","protected":false},"excerpt":{"rendered":"<p>Atenci\u00f3 docents! Al vostre centre esteu treballant el benestar emocional de l&#8217;alumnat? Feu din\u00e0miques per promoure la resoluci\u00f3 pac\u00edfica dels conflictes? I activitats per prevenir l&#8217;addicci\u00f3 a les pantalles i el ciberassetjament? Us podeu presentar als I Premios de bienestar emocional en el \u00e1mbito educativo, adre\u00e7ats a centres que desenvolupen projectes de promoci\u00f3 del benestar [&hellip;]<\/p>\n","protected":false},"author":3,"featured_media":0,"comment_status":"closed","ping_status":"closed","sticky":false,"template":"","format":"standard","meta":{"site-sidebar-layout":"default","site-content-layout":"","ast-site-content-layout":"","site-content-style":"default","site-sidebar-style":"default","ast-global-header-display":"","ast-banner-title-visibility":"","ast-main-header-display":"","ast-hfb-above-header-display":"","ast-hfb-below-header-display":"","ast-hfb-mobile-header-display":"","site-post-title":"","ast-breadcrumbs-content":"","ast-featured-img":"","footer-sml-layout":"","theme-transparent-header-meta":"","adv-header-id-meta":"","stick-header-meta":"","header-above-stick-meta":"","header-main-stick-meta":"","header-below-stick-meta":"","astra-migrate-meta-layouts":"default","ast-page-background-enabled":"default","ast-page-background-meta":{"desktop":{"background-color":"var(--ast-global-color-4)","background-image":"","background-repeat":"repeat","background-position":"center center","background-size":"auto","background-attachment":"scroll","background-type":"","background-media":"","overlay-type":"","overlay-color":"","overlay-opacity":"","overlay-gradient":""},"tablet":{"background-color":"","background-image":"","background-repeat":"repeat","background-position":"center center","background-size":"auto","background-attachment":"scroll","background-type":"","background-media":"","overlay-type":"","overlay-color":"","overlay-opacity":"","overlay-gradient":""},"mobile":{"background-color":"","background-image":"","background-repeat":"repeat","background-position":"center center","background-size":"auto","background-attachment":"scroll","background-type":"","background-media":"","overlay-type":"","overlay-color":"","overlay-opacity":"","overlay-gradient":""}},"ast-content-background-meta":{"desktop":{"background-color":"var(--ast-global-color-5)","background-image":"","background-repeat":"repeat","background-position":"center center","background-size":"auto","background-attachment":"scroll","background-type":"","background-media":"","overlay-type":"","overlay-color":"","overlay-opacity":"","overlay-gradient":""},"tablet":{"background-color":"var(--ast-global-color-5)","background-image":"","background-repeat":"repeat","background-position":"center center","background-size":"auto","background-attachment":"scroll","background-type":"","background-media":"","overlay-type":"","overlay-color":"","overlay-opacity":"","overlay-gradient":""},"mobile":{"background-color":"var(--ast-global-color-5)","background-image":"","background-repeat":"repeat","background-position":"center center","background-size":"auto","background-attachment":"scroll","background-type":"","background-media":"","overlay-type":"","overlay-color":"","overlay-opacity":"","overlay-gradient":""}},"footnotes":""},"categories":[293,291,302],"tags":[],"class_list":["post-9149","post","type-post","status-publish","format-standard","hentry","category-aquiproubullying","category-portada","category-projecte-de-convivencia"],"post_mailing_queue_ids":[],"_links":{"self":[{"href":"https:\/\/projectes.xtec.cat\/conv2\/wp-json\/wp\/v2\/posts\/9149","targetHints":{"allow":["GET"]}}],"collection":[{"href":"https:\/\/projectes.xtec.cat\/conv2\/wp-json\/wp\/v2\/posts"}],"about":[{"href":"https:\/\/projectes.xtec.cat\/conv2\/wp-json\/wp\/v2\/types\/post"}],"author":[{"embeddable":true,"href":"https:\/\/projectes.xtec.cat\/conv2\/wp-json\/wp\/v2\/users\/3"}],"replies":[{"embeddable":true,"href":"https:\/\/projectes.xtec.cat\/conv2\/wp-json\/wp\/v2\/comments?post=9149"}],"version-history":[{"count":0,"href":"https:\/\/projectes.xtec.cat\/conv2\/wp-json\/wp\/v2\/posts\/9149\/revisions"}],"wp:attachment":[{"href":"https:\/\/projectes.xtec.cat\/conv2\/wp-json\/wp\/v2\/media?parent=9149"}],"wp:term":[{"taxonomy":"category","embeddable":true,"href":"https:\/\/projectes.xtec.cat\/conv2\/wp-json\/wp\/v2\/categories?post=9149"},{"taxonomy":"post_tag","embeddable":true,"href":"https:\/\/projectes.xtec.cat\/conv2\/wp-json\/wp\/v2\/tags?post=9149"}],"curies":[{"name":"wp","href":"https:\/\/api.w.org\/{rel}","templated":true}]}}