{"id":9154,"date":"2023-04-11T10:26:05","date_gmt":"2023-04-11T08:26:05","guid":{"rendered":"https:\/\/projectes.xtec.cat\/convivenciapositiva\/?p=9154"},"modified":"2023-04-11T10:26:05","modified_gmt":"2023-04-11T08:26:05","slug":"guanyadors-concurs-hip-hop-per-la-pau","status":"publish","type":"post","link":"https:\/\/projectes.xtec.cat\/conv2\/portada\/guanyadors-concurs-hip-hop-per-la-pau\/","title":{"rendered":"Guanyadors Concurs Hip Hop per la Pau"},"content":{"rendered":"<p>&nbsp;<\/p>\n<p><iframe loading=\"lazy\" title=\"YouTube video player\" src=\"https:\/\/www.youtube.com\/embed\/GEOn3G-DA78\" width=\"560\" height=\"315\" frameborder=\"0\" allowfullscreen=\"allowfullscreen\"><span data-mce-type=\"bookmark\" style=\"display: inline-block; width: 0px; overflow: hidden; line-height: 0;\" class=\"mce_SELRES_start\">\ufeff<\/span><\/iframe><br \/>\nEls centres guanyadors s\u00f3n:<\/p>\n<p>Modalitat 1<br \/>\nPrimer premi per l\u2019Institut Josep Brugulat de Banyoles (Girona), per l\u2019obra: \u201cA terra les fronteres\u201d.<br \/>\nSegon premi per l\u2019Institut Vall de Ll\u00e9mena de Sant Gregori (Girona), per l\u2019obra: \u201cRetumba\u201d.<br \/>\nMencions especials a l\u2019EMAV-Escola de Mitjans Audiovisuals de Barcelona (Barcelona), per l\u2019obra \u201cMi manifiesto\u201d , i a l\u2019Institut Pla de les Moreres de Vilanova del Cam\u00ed (Barcelona), per l\u2019obra \u201cMalson\u201d.<\/p>\n<p>Modalitat 2<br \/>\nPrimer premi a la Fundaci\u00f3 Orfe\u00f3 Catal\u00e0 &#8211; Palau de la M\u00fasica Catalana de Barcelona (Barcelona), per l\u2019obra \u201cUn toc de Salt\u201d.<br \/>\nSegon premi a la Coordinadora pel Comer\u00e7 Just i les Finances \u00c8tiques de Barcelona (Barcelona), per l\u2019obra \u201cFutur Just\u201d.<br \/>\nMenci\u00f3 especial al CEE Sant Rafael de Tarragona (Tarragona), per l\u2019obra \u201cL\u2019empatia s\u2019ha d\u2019entendre\u201d.<\/p>\n","protected":false},"excerpt":{"rendered":"<p>&nbsp; \ufeff Els centres guanyadors s\u00f3n: Modalitat 1 Primer premi per l\u2019Institut Josep Brugulat de Banyoles (Girona), per l\u2019obra: \u201cA terra les fronteres\u201d. Segon premi per l\u2019Institut Vall de Ll\u00e9mena de Sant Gregori (Girona), per l\u2019obra: \u201cRetumba\u201d. Mencions especials a l\u2019EMAV-Escola de Mitjans Audiovisuals de Barcelona (Barcelona), per l\u2019obra \u201cMi manifiesto\u201d , i a l\u2019Institut [&hellip;]<\/p>\n","protected":false},"author":3,"featured_media":8958,"comment_status":"closed","ping_status":"closed","sticky":false,"template":"","format":"standard","meta":{"site-sidebar-layout":"default","site-content-layout":"","ast-site-content-layout":"","site-content-style":"default","site-sidebar-style":"default","ast-global-header-display":"","ast-banner-title-visibility":"","ast-main-header-display":"","ast-hfb-above-header-display":"","ast-hfb-below-header-display":"","ast-hfb-mobile-header-display":"","site-post-title":"","ast-breadcrumbs-content":"","ast-featured-img":"","footer-sml-layout":"","theme-transparent-header-meta":"","adv-header-id-meta":"","stick-header-meta":"","header-above-stick-meta":"","header-main-stick-meta":"","header-below-stick-meta":"","astra-migrate-meta-layouts":"default","ast-page-background-enabled":"default","ast-page-background-meta":{"desktop":{"background-color":"var(--ast-global-color-4)","background-image":"","background-repeat":"repeat","background-position":"center center","background-size":"auto","background-attachment":"scroll","background-type":"","background-media":"","overlay-type":"","overlay-color":"","overlay-opacity":"","overlay-gradient":""},"tablet":{"background-color":"","background-image":"","background-repeat":"repeat","background-position":"center center","background-size":"auto","background-attachment":"scroll","background-type":"","background-media":"","overlay-type":"","overlay-color":"","overlay-opacity":"","overlay-gradient":""},"mobile":{"background-color":"","background-image":"","background-repeat":"repeat","background-position":"center center","background-size":"auto","background-attachment":"scroll","background-type":"","background-media":"","overlay-type":"","overlay-color":"","overlay-opacity":"","overlay-gradient":""}},"ast-content-background-meta":{"desktop":{"background-color":"var(--ast-global-color-5)","background-image":"","background-repeat":"repeat","background-position":"center center","background-size":"auto","background-attachment":"scroll","background-type":"","background-media":"","overlay-type":"","overlay-color":"","overlay-opacity":"","overlay-gradient":""},"tablet":{"background-color":"var(--ast-global-color-5)","background-image":"","background-repeat":"repeat","background-position":"center center","background-size":"auto","background-attachment":"scroll","background-type":"","background-media":"","overlay-type":"","overlay-color":"","overlay-opacity":"","overlay-gradient":""},"mobile":{"background-color":"var(--ast-global-color-5)","background-image":"","background-repeat":"repeat","background-position":"center center","background-size":"auto","background-attachment":"scroll","background-type":"","background-media":"","overlay-type":"","overlay-color":"","overlay-opacity":"","overlay-gradient":""}},"footnotes":""},"categories":[293,295,291,302],"tags":[],"class_list":["post-9154","post","type-post","status-publish","format-standard","has-post-thumbnail","hentry","category-aquiproubullying","category-enfocament-restauratiu","category-portada","category-projecte-de-convivencia"],"post_mailing_queue_ids":[],"_links":{"self":[{"href":"https:\/\/projectes.xtec.cat\/conv2\/wp-json\/wp\/v2\/posts\/9154","targetHints":{"allow":["GET"]}}],"collection":[{"href":"https:\/\/projectes.xtec.cat\/conv2\/wp-json\/wp\/v2\/posts"}],"about":[{"href":"https:\/\/projectes.xtec.cat\/conv2\/wp-json\/wp\/v2\/types\/post"}],"author":[{"embeddable":true,"href":"https:\/\/projectes.xtec.cat\/conv2\/wp-json\/wp\/v2\/users\/3"}],"replies":[{"embeddable":true,"href":"https:\/\/projectes.xtec.cat\/conv2\/wp-json\/wp\/v2\/comments?post=9154"}],"version-history":[{"count":0,"href":"https:\/\/projectes.xtec.cat\/conv2\/wp-json\/wp\/v2\/posts\/9154\/revisions"}],"wp:featuredmedia":[{"embeddable":true,"href":"https:\/\/projectes.xtec.cat\/conv2\/wp-json\/wp\/v2\/media\/8958"}],"wp:attachment":[{"href":"https:\/\/projectes.xtec.cat\/conv2\/wp-json\/wp\/v2\/media?parent=9154"}],"wp:term":[{"taxonomy":"category","embeddable":true,"href":"https:\/\/projectes.xtec.cat\/conv2\/wp-json\/wp\/v2\/categories?post=9154"},{"taxonomy":"post_tag","embeddable":true,"href":"https:\/\/projectes.xtec.cat\/conv2\/wp-json\/wp\/v2\/tags?post=9154"}],"curies":[{"name":"wp","href":"https:\/\/api.w.org\/{rel}","templated":true}]}}