{"id":9160,"date":"2023-04-08T07:00:53","date_gmt":"2023-04-08T05:00:53","guid":{"rendered":"https:\/\/projectes.xtec.cat\/convivenciapositiva\/?p=9160"},"modified":"2023-04-08T07:00:53","modified_gmt":"2023-04-08T05:00:53","slug":"dia-internacional-del-poble-gitano-2023","status":"publish","type":"post","link":"https:\/\/projectes.xtec.cat\/conv2\/portada\/dia-internacional-del-poble-gitano-2023\/","title":{"rendered":"Dia internacional del Poble Gitano 2023"},"content":{"rendered":"<p>Des del Departament d\u2019Educaci\u00f3 impulsem la commemoraci\u00f3 del <a href=\"https:\/\/www.museuvirtualgitano.cat\/es\/\" target=\"_blank\" rel=\"noopener\">Dia Internacional del Poble Gitano<\/a> que se celebra a escala mundial el 8 d\u2019abril. Aquesta data commemora el Congr\u00e9s Mundial del poble Roman\u00ed celebrat a Londres el 8 d&#8217;abril de 1971, en el qual es va instituir la bandera i l&#8217;himne gitano, i esdev\u00e9 des de fa anys una diada de reivindicaci\u00f3 de drets i llibertats del poble gitano.<\/p>\n<p>Des de la Direcci\u00f3 General d\u2019Atenci\u00f3 a les Fam\u00edlies i a la Comunitat Educativa del Departament d\u2019Educaci\u00f3 treballem per promoure l\u2019\u00e8xit escolar i social de l\u2019alumnat gitano, destaquem el <a href=\"https:\/\/xtec.gencat.cat\/ca\/projectes\/promoescolar\/\" target=\"_blank\" rel=\"noopener\">Projecte de Promoci\u00f3 escolar del poble gitano<\/a> a Catalunya, impulsat des de l\u2019any 2006.<\/p>\n<p>Durant els darrers cursos escolars el Departament d\u2019Educaci\u00f3 ha donat un nou impuls al projecte i actualment 19 territoris arreu de Catalunya compten amb la figura d\u2019un promotor o promotora escolar.<\/p>\n","protected":false},"excerpt":{"rendered":"<p>Des del Departament d\u2019Educaci\u00f3 impulsem la commemoraci\u00f3 del Dia Internacional del Poble Gitano que se celebra a escala mundial el 8 d\u2019abril. Aquesta data commemora el Congr\u00e9s Mundial del poble Roman\u00ed celebrat a Londres el 8 d&#8217;abril de 1971, en el qual es va instituir la bandera i l&#8217;himne gitano, i esdev\u00e9 des de fa [&hellip;]<\/p>\n","protected":false},"author":3,"featured_media":9161,"comment_status":"closed","ping_status":"closed","sticky":false,"template":"","format":"standard","meta":{"site-sidebar-layout":"default","site-content-layout":"","ast-site-content-layout":"","site-content-style":"default","site-sidebar-style":"default","ast-global-header-display":"","ast-banner-title-visibility":"","ast-main-header-display":"","ast-hfb-above-header-display":"","ast-hfb-below-header-display":"","ast-hfb-mobile-header-display":"","site-post-title":"","ast-breadcrumbs-content":"","ast-featured-img":"","footer-sml-layout":"","theme-transparent-header-meta":"","adv-header-id-meta":"","stick-header-meta":"","header-above-stick-meta":"","header-main-stick-meta":"","header-below-stick-meta":"","astra-migrate-meta-layouts":"default","ast-page-background-enabled":"default","ast-page-background-meta":{"desktop":{"background-color":"var(--ast-global-color-4)","background-image":"","background-repeat":"repeat","background-position":"center center","background-size":"auto","background-attachment":"scroll","background-type":"","background-media":"","overlay-type":"","overlay-color":"","overlay-opacity":"","overlay-gradient":""},"tablet":{"background-color":"","background-image":"","background-repeat":"repeat","background-position":"center center","background-size":"auto","background-attachment":"scroll","background-type":"","background-media":"","overlay-type":"","overlay-color":"","overlay-opacity":"","overlay-gradient":""},"mobile":{"background-color":"","background-image":"","background-repeat":"repeat","background-position":"center center","background-size":"auto","background-attachment":"scroll","background-type":"","background-media":"","overlay-type":"","overlay-color":"","overlay-opacity":"","overlay-gradient":""}},"ast-content-background-meta":{"desktop":{"background-color":"var(--ast-global-color-5)","background-image":"","background-repeat":"repeat","background-position":"center center","background-size":"auto","background-attachment":"scroll","background-type":"","background-media":"","overlay-type":"","overlay-color":"","overlay-opacity":"","overlay-gradient":""},"tablet":{"background-color":"var(--ast-global-color-5)","background-image":"","background-repeat":"repeat","background-position":"center center","background-size":"auto","background-attachment":"scroll","background-type":"","background-media":"","overlay-type":"","overlay-color":"","overlay-opacity":"","overlay-gradient":""},"mobile":{"background-color":"var(--ast-global-color-5)","background-image":"","background-repeat":"repeat","background-position":"center center","background-size":"auto","background-attachment":"scroll","background-type":"","background-media":"","overlay-type":"","overlay-color":"","overlay-opacity":"","overlay-gradient":""}},"footnotes":""},"categories":[291,302,297],"tags":[],"class_list":["post-9160","post","type-post","status-publish","format-standard","has-post-thumbnail","hentry","category-portada","category-projecte-de-convivencia","category-promocio-escolar-poble-gitano"],"post_mailing_queue_ids":[],"_links":{"self":[{"href":"https:\/\/projectes.xtec.cat\/conv2\/wp-json\/wp\/v2\/posts\/9160","targetHints":{"allow":["GET"]}}],"collection":[{"href":"https:\/\/projectes.xtec.cat\/conv2\/wp-json\/wp\/v2\/posts"}],"about":[{"href":"https:\/\/projectes.xtec.cat\/conv2\/wp-json\/wp\/v2\/types\/post"}],"author":[{"embeddable":true,"href":"https:\/\/projectes.xtec.cat\/conv2\/wp-json\/wp\/v2\/users\/3"}],"replies":[{"embeddable":true,"href":"https:\/\/projectes.xtec.cat\/conv2\/wp-json\/wp\/v2\/comments?post=9160"}],"version-history":[{"count":0,"href":"https:\/\/projectes.xtec.cat\/conv2\/wp-json\/wp\/v2\/posts\/9160\/revisions"}],"wp:featuredmedia":[{"embeddable":true,"href":"https:\/\/projectes.xtec.cat\/conv2\/wp-json\/wp\/v2\/media\/9161"}],"wp:attachment":[{"href":"https:\/\/projectes.xtec.cat\/conv2\/wp-json\/wp\/v2\/media?parent=9160"}],"wp:term":[{"taxonomy":"category","embeddable":true,"href":"https:\/\/projectes.xtec.cat\/conv2\/wp-json\/wp\/v2\/categories?post=9160"},{"taxonomy":"post_tag","embeddable":true,"href":"https:\/\/projectes.xtec.cat\/conv2\/wp-json\/wp\/v2\/tags?post=9160"}],"curies":[{"name":"wp","href":"https:\/\/api.w.org\/{rel}","templated":true}]}}