{"id":9181,"date":"2023-05-11T09:00:03","date_gmt":"2023-05-11T07:00:03","guid":{"rendered":"https:\/\/projectes.xtec.cat\/convivenciapositiva\/?p=9181"},"modified":"2023-05-11T09:00:03","modified_gmt":"2023-05-11T07:00:03","slug":"convocatoria-de-subvencions-destinades-al-financament-dactivitats-de-federacions-i-confederacions-dassociacions-de-mares-i-pares","status":"publish","type":"post","link":"https:\/\/projectes.xtec.cat\/conv2\/general\/convocatoria-de-subvencions-destinades-al-financament-dactivitats-de-federacions-i-confederacions-dassociacions-de-mares-i-pares\/","title":{"rendered":"Convocat\u00f2ria de subvencions destinades al finan\u00e7ament d&#8217;activitats de federacions i confederacions d&#8217;associacions de mares i pares"},"content":{"rendered":"<p>Publicat al DOGC l\u2019Ordre EDU\/97\/2023, de 27 d\u2019abril, per la qual s\u2019aproven les bases reguladores del procediment de concessi\u00f3 de subvencions destinades al finan\u00e7ament d\u2019activitats de federacions i confederacions d\u2019associacions de mares i pares o de fam\u00edlies d\u2019alumnat de centres educatius no universitaris de Catalunya realitzades durant l\u2019any 2022.<\/p>\n<p>L&#8217;objecte d&#8217;aquestes bases \u00e9s establir el procediment de concessi\u00f3 de subvencions, en r\u00e8gim de concurr\u00e8ncia no competitiva, destinades al foment de la realitzaci\u00f3 d&#8217;activitats de les federacions i confederacions d&#8217;associacions de mares i pares o de fam\u00edlies d&#8217;alumnat de centres educatius no universitaris, realitzades durant l&#8217;any 2022, per tal de facilitar i potenciar la vida associativa d&#8217;aquestes entitats dins la comunitat educativa.<\/p>\n<p><a href=\"https:\/\/dogc.gencat.cat\/ca\/document-del-dogc\/?documentId=959260\" target=\"_blank\" rel=\"noopener\">Acc\u00e9s al document\u00a0<\/a><\/p>\n","protected":false},"excerpt":{"rendered":"<p>Publicat al DOGC l\u2019Ordre EDU\/97\/2023, de 27 d\u2019abril, per la qual s\u2019aproven les bases reguladores del procediment de concessi\u00f3 de subvencions destinades al finan\u00e7ament d\u2019activitats de federacions i confederacions d\u2019associacions de mares i pares o de fam\u00edlies d\u2019alumnat de centres educatius no universitaris de Catalunya realitzades durant l\u2019any 2022. L&#8217;objecte d&#8217;aquestes bases \u00e9s establir el [&hellip;]<\/p>\n","protected":false},"author":3,"featured_media":0,"comment_status":"closed","ping_status":"closed","sticky":false,"template":"","format":"standard","meta":{"site-sidebar-layout":"default","site-content-layout":"","ast-site-content-layout":"","site-content-style":"default","site-sidebar-style":"default","ast-global-header-display":"","ast-banner-title-visibility":"","ast-main-header-display":"","ast-hfb-above-header-display":"","ast-hfb-below-header-display":"","ast-hfb-mobile-header-display":"","site-post-title":"","ast-breadcrumbs-content":"","ast-featured-img":"","footer-sml-layout":"","theme-transparent-header-meta":"","adv-header-id-meta":"","stick-header-meta":"","header-above-stick-meta":"","header-main-stick-meta":"","header-below-stick-meta":"","astra-migrate-meta-layouts":"default","ast-page-background-enabled":"default","ast-page-background-meta":{"desktop":{"background-color":"var(--ast-global-color-4)","background-image":"","background-repeat":"repeat","background-position":"center center","background-size":"auto","background-attachment":"scroll","background-type":"","background-media":"","overlay-type":"","overlay-color":"","overlay-opacity":"","overlay-gradient":""},"tablet":{"background-color":"","background-image":"","background-repeat":"repeat","background-position":"center center","background-size":"auto","background-attachment":"scroll","background-type":"","background-media":"","overlay-type":"","overlay-color":"","overlay-opacity":"","overlay-gradient":""},"mobile":{"background-color":"","background-image":"","background-repeat":"repeat","background-position":"center center","background-size":"auto","background-attachment":"scroll","background-type":"","background-media":"","overlay-type":"","overlay-color":"","overlay-opacity":"","overlay-gradient":""}},"ast-content-background-meta":{"desktop":{"background-color":"var(--ast-global-color-5)","background-image":"","background-repeat":"repeat","background-position":"center center","background-size":"auto","background-attachment":"scroll","background-type":"","background-media":"","overlay-type":"","overlay-color":"","overlay-opacity":"","overlay-gradient":""},"tablet":{"background-color":"var(--ast-global-color-5)","background-image":"","background-repeat":"repeat","background-position":"center center","background-size":"auto","background-attachment":"scroll","background-type":"","background-media":"","overlay-type":"","overlay-color":"","overlay-opacity":"","overlay-gradient":""},"mobile":{"background-color":"var(--ast-global-color-5)","background-image":"","background-repeat":"repeat","background-position":"center center","background-size":"auto","background-attachment":"scroll","background-type":"","background-media":"","overlay-type":"","overlay-color":"","overlay-opacity":"","overlay-gradient":""}},"footnotes":""},"categories":[294,300,298,1,291,302],"tags":[],"class_list":["post-9181","post","type-post","status-publish","format-standard","hentry","category-com-acompanyem-a-les-families","category-comunitats-aprenentatge","category-equitat-educativa","category-general","category-portada","category-projecte-de-convivencia"],"post_mailing_queue_ids":[],"_links":{"self":[{"href":"https:\/\/projectes.xtec.cat\/conv2\/wp-json\/wp\/v2\/posts\/9181","targetHints":{"allow":["GET"]}}],"collection":[{"href":"https:\/\/projectes.xtec.cat\/conv2\/wp-json\/wp\/v2\/posts"}],"about":[{"href":"https:\/\/projectes.xtec.cat\/conv2\/wp-json\/wp\/v2\/types\/post"}],"author":[{"embeddable":true,"href":"https:\/\/projectes.xtec.cat\/conv2\/wp-json\/wp\/v2\/users\/3"}],"replies":[{"embeddable":true,"href":"https:\/\/projectes.xtec.cat\/conv2\/wp-json\/wp\/v2\/comments?post=9181"}],"version-history":[{"count":0,"href":"https:\/\/projectes.xtec.cat\/conv2\/wp-json\/wp\/v2\/posts\/9181\/revisions"}],"wp:attachment":[{"href":"https:\/\/projectes.xtec.cat\/conv2\/wp-json\/wp\/v2\/media?parent=9181"}],"wp:term":[{"taxonomy":"category","embeddable":true,"href":"https:\/\/projectes.xtec.cat\/conv2\/wp-json\/wp\/v2\/categories?post=9181"},{"taxonomy":"post_tag","embeddable":true,"href":"https:\/\/projectes.xtec.cat\/conv2\/wp-json\/wp\/v2\/tags?post=9181"}],"curies":[{"name":"wp","href":"https:\/\/api.w.org\/{rel}","templated":true}]}}