{"id":9366,"date":"2023-09-10T08:00:30","date_gmt":"2023-09-10T06:00:30","guid":{"rendered":"https:\/\/projectes.xtec.cat\/convivenciapositiva\/?p=9366"},"modified":"2023-09-10T08:00:30","modified_gmt":"2023-09-10T06:00:30","slug":"dia-mundial-per-a-la-prevencio-del-suicidi","status":"publish","type":"post","link":"https:\/\/projectes.xtec.cat\/conv2\/portada\/dia-mundial-per-a-la-prevencio-del-suicidi\/","title":{"rendered":"Dia Mundial per a la Prevenci\u00f3 del Su\u00efcidi"},"content":{"rendered":"<p>El su\u00efcidi juvenil \u00e9s una realitat amagada a la nostra societat, un tema tab\u00fa del qual no es parla, per\u00f2 que cada vegada \u00e9s m\u00e9s freq\u00fcent, fins al fet que s&#8217;ha convertit en una de les principals causes de mort no natural en l&#8217;adolesc\u00e8ncia. Tot i que aquestes conductes estan relacionades amb trastorns mentals, hi ha moltes altres casu\u00edstiques que poden portar els i les joves a aquests pensaments, per exemple, una autoestima molt baixa, viure situacions molt dures i l&#8217;abs\u00e8ncia del suport i acompanyament familiar i\/o social.<\/p>\n<p><a href=\"https:\/\/projectes.xtec.cat\/conv2\/wp-content\/uploads\/usu3025\/2023\/09\/conductes-suicides.png\"><img loading=\"lazy\" decoding=\"async\" class=\"alignnone size-full wp-image-9367\" src=\"https:\/\/projectes.xtec.cat\/conv2\/wp-content\/uploads\/usu3025\/2023\/09\/conductes-suicides.png\" alt=\"\" width=\"335\" height=\"250\" srcset=\"https:\/\/projectes.xtec.cat\/conv2\/wp-content\/uploads\/usu3025\/2023\/09\/conductes-suicides.png 335w, https:\/\/projectes.xtec.cat\/conv2\/wp-content\/uploads\/usu3025\/2023\/09\/conductes-suicides-300x224.png 300w\" sizes=\"auto, (max-width: 335px) 100vw, 335px\" \/><\/a><\/p>\n<p>En el Dia Mundial per a la Prevenci\u00f3 del Su\u00efcidi es pret\u00e9n conscienciar i ajudar a detectar aquestes conductes. En <a href=\"https:\/\/educacio.gencat.cat\/ca\/arees-actuacio\/families\/ajudem-fills\/conductes-suicides\/\" target=\"_blank\" rel=\"noopener\">aquest enlla\u00e7<\/a> de la web Fam\u00edlies del Departament d&#8217;Educaci\u00f3 trobareu informaci\u00f3 i recursos per oferir a les fam\u00edlies i con\u00e8ixer-ne els principals factors de risc, com detectar-les i qu\u00e8 es pot fer per prevenir-les i detectar-les.<\/p>\n","protected":false},"excerpt":{"rendered":"<p>El su\u00efcidi juvenil \u00e9s una realitat amagada a la nostra societat, un tema tab\u00fa del qual no es parla, per\u00f2 que cada vegada \u00e9s m\u00e9s freq\u00fcent, fins al fet que s&#8217;ha convertit en una de les principals causes de mort no natural en l&#8217;adolesc\u00e8ncia. Tot i que aquestes conductes estan relacionades amb trastorns mentals, hi [&hellip;]<\/p>\n","protected":false},"author":3,"featured_media":9367,"comment_status":"closed","ping_status":"closed","sticky":false,"template":"","format":"standard","meta":{"site-sidebar-layout":"default","site-content-layout":"","ast-site-content-layout":"","site-content-style":"default","site-sidebar-style":"default","ast-global-header-display":"","ast-banner-title-visibility":"","ast-main-header-display":"","ast-hfb-above-header-display":"","ast-hfb-below-header-display":"","ast-hfb-mobile-header-display":"","site-post-title":"","ast-breadcrumbs-content":"","ast-featured-img":"","footer-sml-layout":"","theme-transparent-header-meta":"","adv-header-id-meta":"","stick-header-meta":"","header-above-stick-meta":"","header-main-stick-meta":"","header-below-stick-meta":"","astra-migrate-meta-layouts":"default","ast-page-background-enabled":"default","ast-page-background-meta":{"desktop":{"background-color":"var(--ast-global-color-4)","background-image":"","background-repeat":"repeat","background-position":"center center","background-size":"auto","background-attachment":"scroll","background-type":"","background-media":"","overlay-type":"","overlay-color":"","overlay-opacity":"","overlay-gradient":""},"tablet":{"background-color":"","background-image":"","background-repeat":"repeat","background-position":"center center","background-size":"auto","background-attachment":"scroll","background-type":"","background-media":"","overlay-type":"","overlay-color":"","overlay-opacity":"","overlay-gradient":""},"mobile":{"background-color":"","background-image":"","background-repeat":"repeat","background-position":"center center","background-size":"auto","background-attachment":"scroll","background-type":"","background-media":"","overlay-type":"","overlay-color":"","overlay-opacity":"","overlay-gradient":""}},"ast-content-background-meta":{"desktop":{"background-color":"var(--ast-global-color-5)","background-image":"","background-repeat":"repeat","background-position":"center center","background-size":"auto","background-attachment":"scroll","background-type":"","background-media":"","overlay-type":"","overlay-color":"","overlay-opacity":"","overlay-gradient":""},"tablet":{"background-color":"var(--ast-global-color-5)","background-image":"","background-repeat":"repeat","background-position":"center center","background-size":"auto","background-attachment":"scroll","background-type":"","background-media":"","overlay-type":"","overlay-color":"","overlay-opacity":"","overlay-gradient":""},"mobile":{"background-color":"var(--ast-global-color-5)","background-image":"","background-repeat":"repeat","background-position":"center center","background-size":"auto","background-attachment":"scroll","background-type":"","background-media":"","overlay-type":"","overlay-color":"","overlay-opacity":"","overlay-gradient":""}},"footnotes":""},"categories":[294,291],"tags":[],"class_list":["post-9366","post","type-post","status-publish","format-standard","has-post-thumbnail","hentry","category-com-acompanyem-a-les-families","category-portada"],"post_mailing_queue_ids":[],"_links":{"self":[{"href":"https:\/\/projectes.xtec.cat\/conv2\/wp-json\/wp\/v2\/posts\/9366","targetHints":{"allow":["GET"]}}],"collection":[{"href":"https:\/\/projectes.xtec.cat\/conv2\/wp-json\/wp\/v2\/posts"}],"about":[{"href":"https:\/\/projectes.xtec.cat\/conv2\/wp-json\/wp\/v2\/types\/post"}],"author":[{"embeddable":true,"href":"https:\/\/projectes.xtec.cat\/conv2\/wp-json\/wp\/v2\/users\/3"}],"replies":[{"embeddable":true,"href":"https:\/\/projectes.xtec.cat\/conv2\/wp-json\/wp\/v2\/comments?post=9366"}],"version-history":[{"count":0,"href":"https:\/\/projectes.xtec.cat\/conv2\/wp-json\/wp\/v2\/posts\/9366\/revisions"}],"wp:featuredmedia":[{"embeddable":true,"href":"https:\/\/projectes.xtec.cat\/conv2\/wp-json\/wp\/v2\/media\/9367"}],"wp:attachment":[{"href":"https:\/\/projectes.xtec.cat\/conv2\/wp-json\/wp\/v2\/media?parent=9366"}],"wp:term":[{"taxonomy":"category","embeddable":true,"href":"https:\/\/projectes.xtec.cat\/conv2\/wp-json\/wp\/v2\/categories?post=9366"},{"taxonomy":"post_tag","embeddable":true,"href":"https:\/\/projectes.xtec.cat\/conv2\/wp-json\/wp\/v2\/tags?post=9366"}],"curies":[{"name":"wp","href":"https:\/\/api.w.org\/{rel}","templated":true}]}}