{"id":10104,"date":"2024-02-06T15:59:04","date_gmt":"2024-02-06T14:59:04","guid":{"rendered":"https:\/\/projectes.xtec.cat\/convivenciapositiva\/?p=10104"},"modified":"2024-02-06T15:59:04","modified_gmt":"2024-02-06T14:59:04","slug":"dia-internacional-de-la-tolerancia-zero-amb-la-mutilacio-genital-femenina-6-de-febrer","status":"publish","type":"post","link":"https:\/\/projectes.xtec.cat\/convivenciapositiva\/portada\/dia-internacional-de-la-tolerancia-zero-amb-la-mutilacio-genital-femenina-6-de-febrer\/","title":{"rendered":"Dia Internacional de la Toler\u00e0ncia Zero amb la Mutilaci\u00f3 Genital Femenina, 6 de febrer"},"content":{"rendered":"<p><a href=\"https:\/\/projectes.xtec.cat\/convivenciapositiva\/wp-content\/uploads\/usu2198\/2024\/02\/553x553-dia-internacional-tolerancia-zero-24.png_1595044798.png\"><img loading=\"lazy\" decoding=\"async\" class=\"wp-image-10105 alignleft\" src=\"https:\/\/projectes.xtec.cat\/convivenciapositiva\/wp-content\/uploads\/usu2198\/2024\/02\/553x553-dia-internacional-tolerancia-zero-24.png_1595044798.png\" alt=\"\" width=\"229\" height=\"229\" srcset=\"https:\/\/projectes.xtec.cat\/convivenciapositiva\/wp-content\/uploads\/usu2198\/2024\/02\/553x553-dia-internacional-tolerancia-zero-24.png_1595044798.png 538w, https:\/\/projectes.xtec.cat\/convivenciapositiva\/wp-content\/uploads\/usu2198\/2024\/02\/553x553-dia-internacional-tolerancia-zero-24.png_1595044798-300x300.png 300w, https:\/\/projectes.xtec.cat\/convivenciapositiva\/wp-content\/uploads\/usu2198\/2024\/02\/553x553-dia-internacional-tolerancia-zero-24.png_1595044798-150x150.png 150w\" sizes=\"auto, (max-width: 229px) 100vw, 229px\" \/><\/a><\/p>\n<p>L\u2019Agenda 2030 i els Objectius de Desenvolupament Sostenible (Objectiu 5. Aconseguir la igualtat de g\u00e8nere i empoderar totes les dones i nenes) ens insten a haver erradicat la mutilaci\u00f3 genital femenina (MGF), aix\u00ed com els matrimonis for\u00e7ats (MF), a 2030. La MGF vulnera la salut sexual i reproductiva i, per tant, els drets humans de les dones i les nenes.<\/p>\n<p>Des del sistema educatiu, cal fomentar l\u2019esperit cr\u00edtic de l\u2019alumnat envers les diverses formes i \u00e0mbits de les viol\u00e8ncies masclistes i donar veu a les nenes, noies i dones.<\/p>\n<p><a href=\"https:\/\/xtec.gencat.cat\/ca\/centres\/celebracions\/2024\/dia-internacional-de-la-tolerancia-zero-amb-la-mutilacio-genital-femenina\/#\" target=\"_blank\" rel=\"noopener\">Accedeix als recursos pedag\u00f2gics del Departament d&#8217;Educaci\u00f3.<\/a><\/p>\n","protected":false},"excerpt":{"rendered":"<p><a href=\"https:\/\/projectes.xtec.cat\/convivenciapositiva\/wp-content\/uploads\/usu2198\/2024\/02\/553x553-dia-internacional-tolerancia-zero-24.png_1595044798.png\"><\/a><br \/>\nL\u2019Agenda 2030 i els Objectius de Desenvolupament Sostenible (Objectiu 5. Aconseguir la igualtat de g\u00e8nere i empoderar totes les dones i nenes) ens insten a haver erradicat la mutilaci\u00f3 genital femenina (MGF), aix\u00ed com els matrimonis for\u00e7ats (MF), a 2030. La MGF vulnera la&hellip;  <a href=\"https:\/\/projectes.xtec.cat\/convivenciapositiva\/portada\/dia-internacional-de-la-tolerancia-zero-amb-la-mutilacio-genital-femenina-6-de-febrer\/\" title=\"Read Dia Internacional de la Toler\u00e0ncia Zero amb la Mutilaci\u00f3 Genital Femenina, 6 de febrer\">Llegeix m\u00e9s\u00bb<\/a><\/p>\n","protected":false},"author":4,"featured_media":10105,"comment_status":"closed","ping_status":"closed","sticky":false,"template":"","format":"standard","meta":{"_bbp_topic_count":0,"_bbp_reply_count":0,"_bbp_total_topic_count":0,"_bbp_total_reply_count":0,"_bbp_voice_count":0,"_bbp_anonymous_reply_count":0,"_bbp_topic_count_hidden":0,"_bbp_reply_count_hidden":0,"_bbp_forum_subforum_count":0,"footnotes":""},"categories":[29,291],"tags":[],"class_list":["post-10104","post","type-post","status-publish","format-standard","has-post-thumbnail","hentry","category-portada","category-prevencio-violencia-masclista"],"post_mailing_queue_ids":[],"_links":{"self":[{"href":"https:\/\/projectes.xtec.cat\/convivenciapositiva\/wp-json\/wp\/v2\/posts\/10104","targetHints":{"allow":["GET"]}}],"collection":[{"href":"https:\/\/projectes.xtec.cat\/convivenciapositiva\/wp-json\/wp\/v2\/posts"}],"about":[{"href":"https:\/\/projectes.xtec.cat\/convivenciapositiva\/wp-json\/wp\/v2\/types\/post"}],"author":[{"embeddable":true,"href":"https:\/\/projectes.xtec.cat\/convivenciapositiva\/wp-json\/wp\/v2\/users\/4"}],"replies":[{"embeddable":true,"href":"https:\/\/projectes.xtec.cat\/convivenciapositiva\/wp-json\/wp\/v2\/comments?post=10104"}],"version-history":[{"count":1,"href":"https:\/\/projectes.xtec.cat\/convivenciapositiva\/wp-json\/wp\/v2\/posts\/10104\/revisions"}],"predecessor-version":[{"id":10106,"href":"https:\/\/projectes.xtec.cat\/convivenciapositiva\/wp-json\/wp\/v2\/posts\/10104\/revisions\/10106"}],"wp:featuredmedia":[{"embeddable":true,"href":"https:\/\/projectes.xtec.cat\/convivenciapositiva\/wp-json\/wp\/v2\/media\/10105"}],"wp:attachment":[{"href":"https:\/\/projectes.xtec.cat\/convivenciapositiva\/wp-json\/wp\/v2\/media?parent=10104"}],"wp:term":[{"taxonomy":"category","embeddable":true,"href":"https:\/\/projectes.xtec.cat\/convivenciapositiva\/wp-json\/wp\/v2\/categories?post=10104"},{"taxonomy":"post_tag","embeddable":true,"href":"https:\/\/projectes.xtec.cat\/convivenciapositiva\/wp-json\/wp\/v2\/tags?post=10104"}],"curies":[{"name":"wp","href":"https:\/\/api.w.org\/{rel}","templated":true}]}}