{"id":8212,"date":"2020-06-19T11:59:54","date_gmt":"2020-06-19T09:59:54","guid":{"rendered":"https:\/\/projectes.xtec.cat\/convivenciapositiva\/\/?p=8212"},"modified":"2022-06-14T13:49:36","modified_gmt":"2022-06-14T11:49:36","slug":"aquiproubullying-una-ma-de-contes","status":"publish","type":"post","link":"https:\/\/projectes.xtec.cat\/convivenciapositiva\/portada\/aquiproubullying-una-ma-de-contes\/","title":{"rendered":"#aquiproubullying-Una m\u00e0 de contes"},"content":{"rendered":"<p>Aquesta col\u00b7lecci\u00f3 de 5 contes ofereix la possibilitat de parlar sobre l&#8217;assetjament, aprofundir en el tema i aprendre a conviure de manera positiva per evitar situacions d&#8217;assetjament i per aprendre a actuar en casos de bullying.<\/p>\n<p>Aquests 4 m\u00f2duls ofereixen als docents i a les fam\u00edlies estrat\u00e8gies i recursos per tractar el tema de l&#8217;assetjament tant a l&#8217;escola com a casa ja que van acompanyats d&#8217;unes guies que faciliten l&#8217;an\u00e0lisi de les situacions que apareixen a les diverses hist\u00f2ries.<\/p>\n<p><a href=\"http:\/\/xtec.gencat.cat\/ca\/centres\/projeducatiu\/convivencia\/aquiproubullying\/moduls-formatius\/una-ma-de-contes\/\">Acc\u00e9s al recurs<\/a><\/p>\n<p><a href=\"https:\/\/projectes.xtec.cat\/convivenciapositiva\/\/wp-content\/uploads\/usu2198\/2020\/06\/M\u00e0-de-contes.png\"><img loading=\"lazy\" decoding=\"async\" class=\"size-full wp-image-8213 alignleft\" src=\"https:\/\/projectes.xtec.cat\/convivenciapositiva\/\/wp-content\/uploads\/usu2198\/2020\/06\/M\u00e0-de-contes.png\" alt=\"\" width=\"202\" height=\"165\" \/><\/a><\/p>\n","protected":false},"excerpt":{"rendered":"<p>Aquesta col\u00b7lecci\u00f3 de 5 contes ofereix la possibilitat de parlar sobre l&#8217;assetjament, aprofundir en el tema i aprendre a conviure de manera positiva per evitar situacions d&#8217;assetjament i per aprendre a actuar en casos de bullying.<br \/>\nAquests 4 m\u00f2duls ofereixen als docents i a les fam\u00edlies&hellip;  <a href=\"https:\/\/projectes.xtec.cat\/convivenciapositiva\/portada\/aquiproubullying-una-ma-de-contes\/\" title=\"Read #aquiproubullying-Una m\u00e0 de contes\">Llegeix m\u00e9s\u00bb<\/a><\/p>\n","protected":false},"author":4,"featured_media":0,"comment_status":"open","ping_status":"closed","sticky":false,"template":"","format":"standard","meta":{"_bbp_topic_count":0,"_bbp_reply_count":0,"_bbp_total_topic_count":0,"_bbp_total_reply_count":0,"_bbp_voice_count":0,"_bbp_anonymous_reply_count":0,"_bbp_topic_count_hidden":0,"_bbp_reply_count_hidden":0,"_bbp_forum_subforum_count":0,"footnotes":""},"categories":[286,29],"tags":[],"class_list":["post-8212","post","type-post","status-publish","format-standard","hentry","category-aquiproubullying","category-portada"],"post_mailing_queue_ids":[],"_links":{"self":[{"href":"https:\/\/projectes.xtec.cat\/convivenciapositiva\/wp-json\/wp\/v2\/posts\/8212","targetHints":{"allow":["GET"]}}],"collection":[{"href":"https:\/\/projectes.xtec.cat\/convivenciapositiva\/wp-json\/wp\/v2\/posts"}],"about":[{"href":"https:\/\/projectes.xtec.cat\/convivenciapositiva\/wp-json\/wp\/v2\/types\/post"}],"author":[{"embeddable":true,"href":"https:\/\/projectes.xtec.cat\/convivenciapositiva\/wp-json\/wp\/v2\/users\/4"}],"replies":[{"embeddable":true,"href":"https:\/\/projectes.xtec.cat\/convivenciapositiva\/wp-json\/wp\/v2\/comments?post=8212"}],"version-history":[{"count":4,"href":"https:\/\/projectes.xtec.cat\/convivenciapositiva\/wp-json\/wp\/v2\/posts\/8212\/revisions"}],"predecessor-version":[{"id":8459,"href":"https:\/\/projectes.xtec.cat\/convivenciapositiva\/wp-json\/wp\/v2\/posts\/8212\/revisions\/8459"}],"wp:attachment":[{"href":"https:\/\/projectes.xtec.cat\/convivenciapositiva\/wp-json\/wp\/v2\/media?parent=8212"}],"wp:term":[{"taxonomy":"category","embeddable":true,"href":"https:\/\/projectes.xtec.cat\/convivenciapositiva\/wp-json\/wp\/v2\/categories?post=8212"},{"taxonomy":"post_tag","embeddable":true,"href":"https:\/\/projectes.xtec.cat\/convivenciapositiva\/wp-json\/wp\/v2\/tags?post=8212"}],"curies":[{"name":"wp","href":"https:\/\/api.w.org\/{rel}","templated":true}]}}