{"id":8815,"date":"2022-06-20T14:25:48","date_gmt":"2022-06-20T12:25:48","guid":{"rendered":"https:\/\/projectes.xtec.cat\/convivenciapositiva\/?p=8815"},"modified":"2022-06-22T13:01:55","modified_gmt":"2022-06-22T11:01:55","slug":"video-institut-can-periquet-un-centre-restauratiu","status":"publish","type":"post","link":"https:\/\/projectes.xtec.cat\/convivenciapositiva\/general\/video-institut-can-periquet-un-centre-restauratiu\/","title":{"rendered":"L&#8217;institut Can Periquet: un centre restauratiu"},"content":{"rendered":"<p>https:\/\/youtu.be\/vUdVLinJAmc<\/p>\n<p>L&#8217;institut Can Periquet de Palau-Solit\u00e0 i Plegamans es un centre restauratiu on s&#8217;apliquen els <a href=\"https:\/\/xtec.gencat.cat\/web\/.content\/centres\/projeducatiu\/convivencia\/una-comunitat-educativa-restaurativa-i-resilient\/Principis-i-preguntes-restauratives\/documents\/Infografia-0.pdf\">cinc principis<\/a> de la Belinda Hopkins. En el <a href=\"https:\/\/youtu.be\/vUdVLinJAmc\">v\u00eddeo<\/a> editat pel Consell Escolar de Catalunya, hi trobem la participaci\u00f3 de diferents alumnes, membres de l&#8217;equip docent i la seva directora, Montse Pedrol.<\/p>\n<p>Aquest centre de refer\u00e8ncia ens mostra com implementen les pr\u00e0ctiques restauratives des de la vessant proactiva i responsiva (cercles restauratius amb l&#8217;alumnat i les fam\u00edlies, petits cercles, converses informals, trobades restauratives i alumnat mediador-facilitador), aix\u00ed com els valors restauratius: di\u00e0leg, respecte, escolta activa, inclusi\u00f3 i empatia.<\/p>\n","protected":false},"excerpt":{"rendered":"<p>https:\/\/youtu.be\/vUdVLinJAmc<br \/>\nL&#8217;institut Can Periquet de Palau-Solit\u00e0 i Plegamans es un centre restauratiu on s&#8217;apliquen els <a href=\"https:\/\/xtec.gencat.cat\/web\/.content\/centres\/projeducatiu\/convivencia\/una-comunitat-educativa-restaurativa-i-resilient\/Principis-i-preguntes-restauratives\/documents\/Infografia-0.pdf\">cinc principis<\/a> de la Belinda Hopkins. En el <a href=\"https:\/\/youtu.be\/vUdVLinJAmc\">v\u00eddeo<\/a> editat pel Consell Escolar de Catalunya, hi trobem la participaci\u00f3 de diferents alumnes, membres de l&#8217;equip docent i la seva&hellip;  <a href=\"https:\/\/projectes.xtec.cat\/convivenciapositiva\/general\/video-institut-can-periquet-un-centre-restauratiu\/\" title=\"Read L&#8217;institut Can Periquet: un centre restauratiu\">Llegeix m\u00e9s\u00bb<\/a><\/p>\n","protected":false},"author":9,"featured_media":8816,"comment_status":"closed","ping_status":"closed","sticky":false,"template":"","format":"standard","meta":{"_bbp_topic_count":0,"_bbp_reply_count":0,"_bbp_total_topic_count":0,"_bbp_total_reply_count":0,"_bbp_voice_count":0,"_bbp_anonymous_reply_count":0,"_bbp_topic_count_hidden":0,"_bbp_reply_count_hidden":0,"_bbp_forum_subforum_count":0,"footnotes":""},"categories":[292,1,29],"tags":[],"class_list":["post-8815","post","type-post","status-publish","format-standard","has-post-thumbnail","hentry","category-enfocament-restauratiu","category-general","category-portada"],"post_mailing_queue_ids":[],"_links":{"self":[{"href":"https:\/\/projectes.xtec.cat\/convivenciapositiva\/wp-json\/wp\/v2\/posts\/8815","targetHints":{"allow":["GET"]}}],"collection":[{"href":"https:\/\/projectes.xtec.cat\/convivenciapositiva\/wp-json\/wp\/v2\/posts"}],"about":[{"href":"https:\/\/projectes.xtec.cat\/convivenciapositiva\/wp-json\/wp\/v2\/types\/post"}],"author":[{"embeddable":true,"href":"https:\/\/projectes.xtec.cat\/convivenciapositiva\/wp-json\/wp\/v2\/users\/9"}],"replies":[{"embeddable":true,"href":"https:\/\/projectes.xtec.cat\/convivenciapositiva\/wp-json\/wp\/v2\/comments?post=8815"}],"version-history":[{"count":3,"href":"https:\/\/projectes.xtec.cat\/convivenciapositiva\/wp-json\/wp\/v2\/posts\/8815\/revisions"}],"predecessor-version":[{"id":8847,"href":"https:\/\/projectes.xtec.cat\/convivenciapositiva\/wp-json\/wp\/v2\/posts\/8815\/revisions\/8847"}],"wp:featuredmedia":[{"embeddable":true,"href":"https:\/\/projectes.xtec.cat\/convivenciapositiva\/wp-json\/wp\/v2\/media\/8816"}],"wp:attachment":[{"href":"https:\/\/projectes.xtec.cat\/convivenciapositiva\/wp-json\/wp\/v2\/media?parent=8815"}],"wp:term":[{"taxonomy":"category","embeddable":true,"href":"https:\/\/projectes.xtec.cat\/convivenciapositiva\/wp-json\/wp\/v2\/categories?post=8815"},{"taxonomy":"post_tag","embeddable":true,"href":"https:\/\/projectes.xtec.cat\/convivenciapositiva\/wp-json\/wp\/v2\/tags?post=8815"}],"curies":[{"name":"wp","href":"https:\/\/api.w.org\/{rel}","templated":true}]}}