{"id":8976,"date":"2022-11-15T12:40:02","date_gmt":"2022-11-15T11:40:02","guid":{"rendered":"https:\/\/projectes.xtec.cat\/convivenciapositiva\/?p=8976"},"modified":"2022-11-15T12:38:42","modified_gmt":"2022-11-15T11:38:42","slug":"el-desplegament-de-lenfocament-restauratiu-global-al-departament-deducacio","status":"publish","type":"post","link":"https:\/\/projectes.xtec.cat\/convivenciapositiva\/general\/el-desplegament-de-lenfocament-restauratiu-global-al-departament-deducacio\/","title":{"rendered":"El desplegament de l\u2019Enfocament Restauratiu Global al Departament d\u2019Educaci\u00f3"},"content":{"rendered":"<p>El Servei d\u2019Escola i Fam\u00edlies va organitzar el passat dimecres 9 de novembre una sessi\u00f3 per explicar el desplegament de l\u2019Enfocament Restauratiu Global al Departament d\u2019Educaci\u00f3.<br \/>\nLa sessi\u00f3 va comptar amb la pres\u00e8ncia de la Dra. Belinda Hopkins que va donar les claus per incorporar la mirada ERG a les organitzacions i posteriorment juntament amb la Dra. M\u00f2nica Albert\u00ed van respondre les preguntes dels assistents, fent un seguit d\u2019aportacions i reflexions entorn a l\u2019ERG.<br \/>\nLa presentaci\u00f3 de l\u2019acte va anar a c\u00e0rrec de la Sra. Raquel Garcia i Sevilla, directora general d&#8217;Atenci\u00f3 a la Fam\u00edlia i Comunitat Educativa, aix\u00ed com la intervenci\u00f3 posterior de la Sra. Marta Clar Ballesteros, cap del Servei d&#8217;Escola i Fam\u00edlies i el Sr. David Sanahuja t\u00e8cnic referent del programa ERG.<\/p>\n<table style=\"height: 231px; width: 91.1848%; border-collapse: collapse; border-style: solid; border-color: #190B28;\">\n<tbody>\n<tr>\n<td style=\"width: 36.9022%; border-style: solid; border-color: #190B28;\"><a href=\"https:\/\/projectes.xtec.cat\/convivenciapositiva\/wp-content\/uploads\/usu2198\/2022\/11\/belinda.png\"><img loading=\"lazy\" decoding=\"async\" class=\"size-full wp-image-8977 aligncenter\" src=\"https:\/\/projectes.xtec.cat\/convivenciapositiva\/wp-content\/uploads\/usu2198\/2022\/11\/belinda.png\" alt=\"\" width=\"236\" height=\"216\" \/><\/a><\/p>\n<p style=\"text-align: center;\">Dra. Belinda Hopkins<\/p>\n<\/td>\n<td style=\"width: 33.6279%; border-style: solid; border-color: #190B28;\"><a href=\"https:\/\/projectes.xtec.cat\/convivenciapositiva\/wp-content\/uploads\/usu2198\/2022\/11\/jornada-ERG.png\"><img loading=\"lazy\" decoding=\"async\" class=\"aligncenter wp-image-8979 \" src=\"https:\/\/projectes.xtec.cat\/convivenciapositiva\/wp-content\/uploads\/usu2198\/2022\/11\/jornada-ERG.png\" alt=\"\" width=\"257\" height=\"155\" srcset=\"https:\/\/projectes.xtec.cat\/convivenciapositiva\/wp-content\/uploads\/usu2198\/2022\/11\/jornada-ERG.png 937w, https:\/\/projectes.xtec.cat\/convivenciapositiva\/wp-content\/uploads\/usu2198\/2022\/11\/jornada-ERG-300x182.png 300w, https:\/\/projectes.xtec.cat\/convivenciapositiva\/wp-content\/uploads\/usu2198\/2022\/11\/jornada-ERG-768x465.png 768w\" sizes=\"auto, (max-width: 257px) 100vw, 257px\" \/><\/a><\/td>\n<td style=\"width: 29.4699%; border-style: solid; border-color: #190B28;\">\n<p style=\"text-align: center;\"><a href=\"https:\/\/projectes.xtec.cat\/convivenciapositiva\/wp-content\/uploads\/usu2198\/2022\/11\/erg55.png\"><img loading=\"lazy\" decoding=\"async\" class=\"aligncenter wp-image-8978\" src=\"https:\/\/projectes.xtec.cat\/convivenciapositiva\/wp-content\/uploads\/usu2198\/2022\/11\/erg55.png\" alt=\"\" width=\"255\" height=\"221\" \/><\/a><\/p>\n<p style=\"text-align: center;\">Dra. Monica Albert\u00ed<\/p>\n<\/td>\n<\/tr>\n<\/tbody>\n<\/table>\n<p>Es pot veure l\u2019acte sencer en aquests enlla\u00e7os:<\/p>\n<p><a href=\"https:\/\/youtu.be\/HSZuPE3kbwc\">Versi\u00f3 en catal\u00e0<\/a><\/p>\n<p><a href=\"https:\/\/youtu.be\/We68OKtMG0w\">Versi\u00f3 original en angl\u00e8s<\/a><\/p>\n","protected":false},"excerpt":{"rendered":"<p>El Servei d\u2019Escola i Fam\u00edlies va organitzar el passat dimecres 9 de novembre una sessi\u00f3 per explicar el desplegament de l\u2019Enfocament Restauratiu Global al Departament d\u2019Educaci\u00f3.<br \/>\nLa sessi\u00f3 va comptar amb la pres\u00e8ncia de la Dra. Belinda Hopkins que va donar les claus per incorporar la&hellip;  <a href=\"https:\/\/projectes.xtec.cat\/convivenciapositiva\/general\/el-desplegament-de-lenfocament-restauratiu-global-al-departament-deducacio\/\" title=\"Read El desplegament de l\u2019Enfocament Restauratiu Global al Departament d\u2019Educaci\u00f3\">Llegeix m\u00e9s\u00bb<\/a><\/p>\n","protected":false},"author":4,"featured_media":0,"comment_status":"closed","ping_status":"closed","sticky":false,"template":"","format":"standard","meta":{"_bbp_topic_count":0,"_bbp_reply_count":0,"_bbp_total_topic_count":0,"_bbp_total_reply_count":0,"_bbp_voice_count":0,"_bbp_anonymous_reply_count":0,"_bbp_topic_count_hidden":0,"_bbp_reply_count_hidden":0,"_bbp_forum_subforum_count":0,"footnotes":""},"categories":[292,1,29,285],"tags":[],"class_list":["post-8976","post","type-post","status-publish","format-standard","hentry","category-enfocament-restauratiu","category-general","category-portada","category-projecte-de-convivencia"],"post_mailing_queue_ids":[],"_links":{"self":[{"href":"https:\/\/projectes.xtec.cat\/convivenciapositiva\/wp-json\/wp\/v2\/posts\/8976","targetHints":{"allow":["GET"]}}],"collection":[{"href":"https:\/\/projectes.xtec.cat\/convivenciapositiva\/wp-json\/wp\/v2\/posts"}],"about":[{"href":"https:\/\/projectes.xtec.cat\/convivenciapositiva\/wp-json\/wp\/v2\/types\/post"}],"author":[{"embeddable":true,"href":"https:\/\/projectes.xtec.cat\/convivenciapositiva\/wp-json\/wp\/v2\/users\/4"}],"replies":[{"embeddable":true,"href":"https:\/\/projectes.xtec.cat\/convivenciapositiva\/wp-json\/wp\/v2\/comments?post=8976"}],"version-history":[{"count":3,"href":"https:\/\/projectes.xtec.cat\/convivenciapositiva\/wp-json\/wp\/v2\/posts\/8976\/revisions"}],"predecessor-version":[{"id":8985,"href":"https:\/\/projectes.xtec.cat\/convivenciapositiva\/wp-json\/wp\/v2\/posts\/8976\/revisions\/8985"}],"wp:attachment":[{"href":"https:\/\/projectes.xtec.cat\/convivenciapositiva\/wp-json\/wp\/v2\/media?parent=8976"}],"wp:term":[{"taxonomy":"category","embeddable":true,"href":"https:\/\/projectes.xtec.cat\/convivenciapositiva\/wp-json\/wp\/v2\/categories?post=8976"},{"taxonomy":"post_tag","embeddable":true,"href":"https:\/\/projectes.xtec.cat\/convivenciapositiva\/wp-json\/wp\/v2\/tags?post=8976"}],"curies":[{"name":"wp","href":"https:\/\/api.w.org\/{rel}","templated":true}]}}