{"id":9101,"date":"2023-03-07T12:23:51","date_gmt":"2023-03-07T11:23:51","guid":{"rendered":"https:\/\/projectes.xtec.cat\/convivenciapositiva\/?p=9101"},"modified":"2023-03-07T12:25:22","modified_gmt":"2023-03-07T11:25:22","slug":"jornada-a-santa-coloma-fem-cultura-restaurativa","status":"publish","type":"post","link":"https:\/\/projectes.xtec.cat\/convivenciapositiva\/general\/jornada-a-santa-coloma-fem-cultura-restaurativa\/","title":{"rendered":"Jornada &#8220;A Santa Coloma, fem cultura restaurativa&#8221;"},"content":{"rendered":"<p><a href=\"https:\/\/projectes.xtec.cat\/convivenciapositiva\/wp-content\/uploads\/usu2198\/2023\/03\/jornada-santa-coloma.png\"><img loading=\"lazy\" decoding=\"async\" class=\"alignnone wp-image-9103\" src=\"https:\/\/projectes.xtec.cat\/convivenciapositiva\/wp-content\/uploads\/usu2198\/2023\/03\/jornada-santa-coloma.png\" alt=\"\" width=\"680\" height=\"357\" srcset=\"https:\/\/projectes.xtec.cat\/convivenciapositiva\/wp-content\/uploads\/usu2198\/2023\/03\/jornada-santa-coloma.png 832w, https:\/\/projectes.xtec.cat\/convivenciapositiva\/wp-content\/uploads\/usu2198\/2023\/03\/jornada-santa-coloma-300x158.png 300w, https:\/\/projectes.xtec.cat\/convivenciapositiva\/wp-content\/uploads\/usu2198\/2023\/03\/jornada-santa-coloma-768x403.png 768w\" sizes=\"auto, (max-width: 680px) 100vw, 680px\" \/><\/a><\/p>\n<p>A l\u2019acte s\u2019explicar\u00e0 qu\u00e8 \u00e9s la cultura restaurativa, compartirem les bones experi\u00e8ncies d\u2019altres municipis del nostre territori en aquest \u00e0mbit i veurem com podem implementar aquesta estrat\u00e8gia en el nostre entorn.<br \/>\nLa jornada l\u2019obrir\u00e0 l\u2019alcaldessa de Santa Coloma de Gramenet, N\u00faria Parlon. Al llarg del mat\u00ed hi participaran experts de renom internacional com Belinda Hopkins i Terence Bevington, per explicar amb claredat qu\u00e8 \u00e9s la cultura restaurativa. Amb la M\u00f2nica Albert\u00ed i Elisenda Gonz\u00e1lez, coneixerem de primera m\u00e0 tots els detalls del projecte al nostre municipi.<\/p>\n<p>Inscriu-te a la jornada <a href=\"https:\/\/grameticket.cat\/esdeveniment\/jornada-a-santa-coloma-fem-cultura-restaurativa\" target=\"_blank\" rel=\"noopener\">aqu\u00ed<\/a><\/p>\n<p><strong>PROGRAMA:<\/strong><\/p>\n<p>\u2022\u00a0 \u00a0 \u00a09:30 Benvinguda i salutaci\u00f3 a c\u00e0rrec de l\u2019alcaldessa, Sra. N\u00faria Parlon.<br \/>\n\u2022\u00a0 \u00a0 \u00a09:45 Pr\u00e0ctiques restauratives, per un model respectu\u00f3s de gesti\u00f3 de la conviv\u00e8ncia comunit\u00e0ria. Pon\u00e8ncia a c\u00e0rrec de la Dra. Belinda Hopkins, Directora de Transforming Conflict<br \/>\n\u2022 \u00a0 \u00a010:45 Presentaci\u00f3 del projecte de Santa Coloma de Gramenet: \u201cEnfocament restauratiu\u201d a c\u00e0rrec del Servei de Conviv\u00e8ncia, Desenvolupament Comunitari i Civisme, amb el suport de la Dra. M\u00f2nica Albert\u00ed i la Sra. Elisenda Gonz\u00e1lez.<br \/>\n\u2022 \u00a0 \u00a011:00 Mesura i avaluaci\u00f3 de l\u2019impacte de la pr\u00e0ctica restaurativa a c\u00e0rrec del Dr. Terence Bevington, Director de Connexus Conflict Consultancy<br \/>\n\u2022 \u00a0 \u00a011:30 \u00a0Caf\u00e8 i passejada per l\u2019exposici\u00f3 de p\u00f2sters Centres per la conviv\u00e8ncia i les experi\u00e8ncies restauratives dels Instituts de Santa Coloma de Gramenet.<br \/>\n\u2022 \u00a0 \u00a012:15 Taula d\u2019experi\u00e8ncies restauratives a altres municipis: Palau-Solit\u00e0 i Plegamans (Institut Can Periquet) i Ajuntaments de l\u2019Hospitalet de Llobregat, Sant Boi de Llobregat, Sabadell i Arenys de Munt.<br \/>\n\u2022 \u00a0 \u00a013:15 Activitat relacional i aprenentatges.<br \/>\n\u2022 \u00a0 \u00a014:00 Tancament de la jornada.<\/p>\n","protected":false},"excerpt":{"rendered":"<p><a href=\"https:\/\/projectes.xtec.cat\/convivenciapositiva\/wp-content\/uploads\/usu2198\/2023\/03\/jornada-santa-coloma.png\"><\/a><br \/>\nA l\u2019acte s\u2019explicar\u00e0 qu\u00e8 \u00e9s la cultura restaurativa, compartirem les bones experi\u00e8ncies d\u2019altres municipis del nostre territori en aquest \u00e0mbit i veurem com podem implementar aquesta estrat\u00e8gia en el nostre entorn.<br \/>\nLa jornada l\u2019obrir\u00e0 l\u2019alcaldessa de Santa Coloma de Gramenet, N\u00faria Parlon. Al llarg del&hellip;  <a href=\"https:\/\/projectes.xtec.cat\/convivenciapositiva\/general\/jornada-a-santa-coloma-fem-cultura-restaurativa\/\" title=\"Read Jornada &#8220;A Santa Coloma, fem cultura restaurativa&#8221;\">Llegeix m\u00e9s\u00bb<\/a><\/p>\n","protected":false},"author":4,"featured_media":9103,"comment_status":"closed","ping_status":"closed","sticky":false,"template":"","format":"standard","meta":{"_bbp_topic_count":0,"_bbp_reply_count":0,"_bbp_total_topic_count":0,"_bbp_total_reply_count":0,"_bbp_voice_count":0,"_bbp_anonymous_reply_count":0,"_bbp_topic_count_hidden":0,"_bbp_reply_count_hidden":0,"_bbp_forum_subforum_count":0,"footnotes":""},"categories":[286,289,292,1,29,285],"tags":[],"class_list":["post-9101","post","type-post","status-publish","format-standard","has-post-thumbnail","hentry","category-aquiproubullying","category-com-acompanyem-a-les-families","category-enfocament-restauratiu","category-general","category-portada","category-projecte-de-convivencia"],"post_mailing_queue_ids":[],"_links":{"self":[{"href":"https:\/\/projectes.xtec.cat\/convivenciapositiva\/wp-json\/wp\/v2\/posts\/9101","targetHints":{"allow":["GET"]}}],"collection":[{"href":"https:\/\/projectes.xtec.cat\/convivenciapositiva\/wp-json\/wp\/v2\/posts"}],"about":[{"href":"https:\/\/projectes.xtec.cat\/convivenciapositiva\/wp-json\/wp\/v2\/types\/post"}],"author":[{"embeddable":true,"href":"https:\/\/projectes.xtec.cat\/convivenciapositiva\/wp-json\/wp\/v2\/users\/4"}],"replies":[{"embeddable":true,"href":"https:\/\/projectes.xtec.cat\/convivenciapositiva\/wp-json\/wp\/v2\/comments?post=9101"}],"version-history":[{"count":3,"href":"https:\/\/projectes.xtec.cat\/convivenciapositiva\/wp-json\/wp\/v2\/posts\/9101\/revisions"}],"predecessor-version":[{"id":9105,"href":"https:\/\/projectes.xtec.cat\/convivenciapositiva\/wp-json\/wp\/v2\/posts\/9101\/revisions\/9105"}],"wp:featuredmedia":[{"embeddable":true,"href":"https:\/\/projectes.xtec.cat\/convivenciapositiva\/wp-json\/wp\/v2\/media\/9103"}],"wp:attachment":[{"href":"https:\/\/projectes.xtec.cat\/convivenciapositiva\/wp-json\/wp\/v2\/media?parent=9101"}],"wp:term":[{"taxonomy":"category","embeddable":true,"href":"https:\/\/projectes.xtec.cat\/convivenciapositiva\/wp-json\/wp\/v2\/categories?post=9101"},{"taxonomy":"post_tag","embeddable":true,"href":"https:\/\/projectes.xtec.cat\/convivenciapositiva\/wp-json\/wp\/v2\/tags?post=9101"}],"curies":[{"name":"wp","href":"https:\/\/api.w.org\/{rel}","templated":true}]}}