{"id":9275,"date":"2023-06-26T14:27:14","date_gmt":"2023-06-26T12:27:14","guid":{"rendered":"https:\/\/projectes.xtec.cat\/convivenciapositiva\/?p=9275"},"modified":"2023-06-26T14:27:14","modified_gmt":"2023-06-26T12:27:14","slug":"iii-jornada-dintercanvi-dexperiencies-aquiproubullying-2","status":"publish","type":"post","link":"https:\/\/projectes.xtec.cat\/convivenciapositiva\/general\/iii-jornada-dintercanvi-dexperiencies-aquiproubullying-2\/","title":{"rendered":"III Jornada d&#8217;Intercanvi d&#8217;Experi\u00e8ncies #aquiproubullying"},"content":{"rendered":"<p>El 3 de juny va tenir lloc la III Jornada d&#8217;Intercanvi d&#8217;Experi\u00e8ncies dels centres participants en el programa d&#8217;innovaci\u00f3 #aquiproubullying.<\/p>\n<p>Cada curs es promou una jornada on alguns centres presenten diverses activitats i comparteixen recursos per fer una transfer\u00e8ncia de la innovaci\u00f3 duta a terme i crear una comunitat d&#8217;intercanvi.<\/p>\n<p>En aquesta jornada es van presentar 4 experi\u00e8ncies. Teniu l&#8217;enlla\u00e7 als documents que es van presentar i al v\u00eddeo:<\/p>\n<ul style=\"list-style-type: circle;\">\n<li><a href=\"https:\/\/drive.google.com\/drive\/folders\/1RLlzIu7ekqX3p5x9oNmXEcns2ft_-1te?usp=drive_link\"> Gallecs Conviu: Eines per a una bona conviv\u00e8ncia<\/a> (Institut Gallecs de Mollet del Vall\u00e8s)<\/li>\n<li><a href=\"https:\/\/drive.google.com\/file\/d\/1j4XMLc-FNjRoLPwQALfrCnWIDqZYwcIw\/view?usp=drive_link\">Protocol de protecci\u00f3 al menor: Revisar, compartir i reflexionar<\/a> (Institut Centre d\u2019Alt Rendiment de Sant Cugat del Vall\u00e8s)<\/li>\n<li><a href=\"https:\/\/drive.google.com\/file\/d\/1i6f5crHz2jcy0uyB9r9Nbi6W43H2t_lf\/view?usp=drive_link\">Experi\u00e8ncia farigolina <span class=\"yt-core-attributed-string--link-inherit-color\">#aquiproubullying<\/span><\/a> (Escola Farigola del Clot de Barcelona)<\/li>\n<li><a href=\"https:\/\/drive.google.com\/file\/d\/1lefuPYI783GgEFeta7ojsfbYGYseccfb\/view?usp=drive_link\">Un cas d\u2019assetjament\u2026 Ara qu\u00e8 fem?<\/a> (Escola Vora del Mar de Cubelles)<\/li>\n<\/ul>\n<p><iframe loading=\"lazy\" src=\"\/\/www.youtube.com\/embed\/FLNM1FkyNHw\" width=\"560\" height=\"314\" allowfullscreen=\"allowfullscreen\"><\/iframe><\/p>\n<p>&nbsp;<\/p>\n<p>&nbsp;<\/p>\n","protected":false},"excerpt":{"rendered":"<p>El 3 de juny va tenir lloc la III Jornada d&#8217;Intercanvi d&#8217;Experi\u00e8ncies dels centres participants en el programa d&#8217;innovaci\u00f3 #aquiproubullying.<br \/>\nCada curs es promou una jornada on alguns centres presenten diverses activitats i comparteixen recursos per fer una transfer\u00e8ncia de la innovaci\u00f3 duta a terme i&hellip;  <a href=\"https:\/\/projectes.xtec.cat\/convivenciapositiva\/general\/iii-jornada-dintercanvi-dexperiencies-aquiproubullying-2\/\" title=\"Read III Jornada d&#8217;Intercanvi d&#8217;Experi\u00e8ncies #aquiproubullying\">Llegeix m\u00e9s\u00bb<\/a><\/p>\n","protected":false},"author":6,"featured_media":9278,"comment_status":"closed","ping_status":"closed","sticky":false,"template":"","format":"standard","meta":{"_bbp_topic_count":0,"_bbp_reply_count":0,"_bbp_total_topic_count":0,"_bbp_total_reply_count":0,"_bbp_voice_count":0,"_bbp_anonymous_reply_count":0,"_bbp_topic_count_hidden":0,"_bbp_reply_count_hidden":0,"_bbp_forum_subforum_count":0,"footnotes":""},"categories":[286,1,29,285],"tags":[],"class_list":["post-9275","post","type-post","status-publish","format-standard","has-post-thumbnail","hentry","category-aquiproubullying","category-general","category-portada","category-projecte-de-convivencia"],"post_mailing_queue_ids":[],"_links":{"self":[{"href":"https:\/\/projectes.xtec.cat\/convivenciapositiva\/wp-json\/wp\/v2\/posts\/9275","targetHints":{"allow":["GET"]}}],"collection":[{"href":"https:\/\/projectes.xtec.cat\/convivenciapositiva\/wp-json\/wp\/v2\/posts"}],"about":[{"href":"https:\/\/projectes.xtec.cat\/convivenciapositiva\/wp-json\/wp\/v2\/types\/post"}],"author":[{"embeddable":true,"href":"https:\/\/projectes.xtec.cat\/convivenciapositiva\/wp-json\/wp\/v2\/users\/6"}],"replies":[{"embeddable":true,"href":"https:\/\/projectes.xtec.cat\/convivenciapositiva\/wp-json\/wp\/v2\/comments?post=9275"}],"version-history":[{"count":2,"href":"https:\/\/projectes.xtec.cat\/convivenciapositiva\/wp-json\/wp\/v2\/posts\/9275\/revisions"}],"predecessor-version":[{"id":9277,"href":"https:\/\/projectes.xtec.cat\/convivenciapositiva\/wp-json\/wp\/v2\/posts\/9275\/revisions\/9277"}],"wp:featuredmedia":[{"embeddable":true,"href":"https:\/\/projectes.xtec.cat\/convivenciapositiva\/wp-json\/wp\/v2\/media\/9278"}],"wp:attachment":[{"href":"https:\/\/projectes.xtec.cat\/convivenciapositiva\/wp-json\/wp\/v2\/media?parent=9275"}],"wp:term":[{"taxonomy":"category","embeddable":true,"href":"https:\/\/projectes.xtec.cat\/convivenciapositiva\/wp-json\/wp\/v2\/categories?post=9275"},{"taxonomy":"post_tag","embeddable":true,"href":"https:\/\/projectes.xtec.cat\/convivenciapositiva\/wp-json\/wp\/v2\/tags?post=9275"}],"curies":[{"name":"wp","href":"https:\/\/api.w.org\/{rel}","templated":true}]}}