{"id":9317,"date":"2023-07-25T11:17:49","date_gmt":"2023-07-25T09:17:49","guid":{"rendered":"https:\/\/projectes.xtec.cat\/convivenciapositiva\/?p=9317"},"modified":"2023-07-25T11:17:49","modified_gmt":"2023-07-25T09:17:49","slug":"enquesta-de-convivencia-escolar-i-seguretat-a-catalunya-curs-2021-2022","status":"publish","type":"post","link":"https:\/\/projectes.xtec.cat\/convivenciapositiva\/portada\/enquesta-de-convivencia-escolar-i-seguretat-a-catalunya-curs-2021-2022\/","title":{"rendered":"Enquesta de conviv\u00e8ncia escolar i seguretat a Catalunya. Curs 2021-2022"},"content":{"rendered":"<p>Els departaments d\u2019Interior i d\u2019Educaci\u00f3 van portar a terme durant els mesos d\u2019abril a juny la quarta edici\u00f3 de l\u2019Enquesta de conviv\u00e8ncia escolar i seguretat a Catalunya.<\/p>\n<p>Es va fer mitjan\u00e7ant q\u00fcestionaris per autocompletar, a m\u00e9s de 10.100 alumnes de prim\u00e0ria i secund\u00e0ria, entre 10 i 18 anys, que cursaven estudis als centres p\u00fablics i privats de Catalunya. La selecci\u00f3 de la mostra es va fer de forma aleat\u00f2ria per tal que fos una mostra representativa de la poblaci\u00f3 catalana, per con\u00e8ixer la victimitzaci\u00f3 i la percepci\u00f3 dels i les alumnes sobre la conviv\u00e8ncia escolar i la seguretat a Catalunya.<\/p>\n<p><a href=\"https:\/\/interior.gencat.cat\/web\/.content\/home\/010_el_departament\/publicacions\/seguretat\/estudis_i_enquestes\/estudis_de_convivencia_escolar\/ECESC_2021_2022\/ECESC-2021.pdf\" target=\"_blank\" rel=\"noopener\"><img loading=\"lazy\" decoding=\"async\" class=\"aligncenter\" src=\"https:\/\/interior.gencat.cat\/web\/.content\/00_HOME\/3_slider_actualitat\/imatges\/Persones\/ecesc-destacat.jpg_909609533.jpg\" alt=\"decorativa\" width=\"492\" height=\"328\" \/><\/a><\/p>\n<p>Els grans blocs d\u2019aquesta enquesta van ser els seg\u00fcents:<\/p>\n<ul>\n<li><strong>Sociodemogr\u00e0fiques<\/strong>: lloc de naixement, llengua habitual, amb qui viu, relacions familiars, etc.<\/li>\n<li><strong>Clima escolar:<\/strong>\u00a0relacions amb el centre educatiu, amb els companys i companyes i amb el professorat<\/li>\n<li><strong>H\u00e0bits i valors<\/strong>: temps lliure i oci, sexisme, relacions de g\u00e8nere abusives, etc.<\/li>\n<li><strong>Victimitzaci\u00f3, actituds i comportaments, <\/strong>dintre i fora del centre educatiu, durant el curs passat i les vacances d\u2019estiu.<\/li>\n<li><strong>Consum de tabac, alcohol i drogues<\/strong><\/li>\n<li><strong>Impacte de la COVID<\/strong><\/li>\n<\/ul>\n<p>Consulta l&#8217;enquesta a <a href=\"https:\/\/interior.gencat.cat\/web\/.content\/home\/010_el_departament\/publicacions\/seguretat\/estudis_i_enquestes\/estudis_de_convivencia_escolar\/ECESC_2021_2022\/ECESC-2021.pdf\" target=\"_blank\" rel=\"noopener\">l&#8217;enlla\u00e7<\/a><\/p>\n","protected":false},"excerpt":{"rendered":"<p>Els departaments d\u2019Interior i d\u2019Educaci\u00f3 van portar a terme durant els mesos d\u2019abril a juny la quarta edici\u00f3 de l\u2019Enquesta de conviv\u00e8ncia escolar i seguretat a Catalunya.<br \/>\nEs va fer mitjan\u00e7ant q\u00fcestionaris per autocompletar, a m\u00e9s de 10.100 alumnes de prim\u00e0ria i secund\u00e0ria, entre 10 i&hellip;  <a href=\"https:\/\/projectes.xtec.cat\/convivenciapositiva\/portada\/enquesta-de-convivencia-escolar-i-seguretat-a-catalunya-curs-2021-2022\/\" title=\"Read Enquesta de conviv\u00e8ncia escolar i seguretat a Catalunya. Curs 2021-2022\">Llegeix m\u00e9s\u00bb<\/a><\/p>\n","protected":false},"author":4,"featured_media":9318,"comment_status":"closed","ping_status":"closed","sticky":false,"template":"","format":"standard","meta":{"_bbp_topic_count":0,"_bbp_reply_count":0,"_bbp_total_topic_count":0,"_bbp_total_reply_count":0,"_bbp_voice_count":0,"_bbp_anonymous_reply_count":0,"_bbp_topic_count_hidden":0,"_bbp_reply_count_hidden":0,"_bbp_forum_subforum_count":0,"footnotes":""},"categories":[286,29,291,285],"tags":[],"class_list":["post-9317","post","type-post","status-publish","format-standard","has-post-thumbnail","hentry","category-aquiproubullying","category-portada","category-prevencio-violencia-masclista","category-projecte-de-convivencia"],"post_mailing_queue_ids":[],"_links":{"self":[{"href":"https:\/\/projectes.xtec.cat\/convivenciapositiva\/wp-json\/wp\/v2\/posts\/9317","targetHints":{"allow":["GET"]}}],"collection":[{"href":"https:\/\/projectes.xtec.cat\/convivenciapositiva\/wp-json\/wp\/v2\/posts"}],"about":[{"href":"https:\/\/projectes.xtec.cat\/convivenciapositiva\/wp-json\/wp\/v2\/types\/post"}],"author":[{"embeddable":true,"href":"https:\/\/projectes.xtec.cat\/convivenciapositiva\/wp-json\/wp\/v2\/users\/4"}],"replies":[{"embeddable":true,"href":"https:\/\/projectes.xtec.cat\/convivenciapositiva\/wp-json\/wp\/v2\/comments?post=9317"}],"version-history":[{"count":3,"href":"https:\/\/projectes.xtec.cat\/convivenciapositiva\/wp-json\/wp\/v2\/posts\/9317\/revisions"}],"predecessor-version":[{"id":9321,"href":"https:\/\/projectes.xtec.cat\/convivenciapositiva\/wp-json\/wp\/v2\/posts\/9317\/revisions\/9321"}],"wp:featuredmedia":[{"embeddable":true,"href":"https:\/\/projectes.xtec.cat\/convivenciapositiva\/wp-json\/wp\/v2\/media\/9318"}],"wp:attachment":[{"href":"https:\/\/projectes.xtec.cat\/convivenciapositiva\/wp-json\/wp\/v2\/media?parent=9317"}],"wp:term":[{"taxonomy":"category","embeddable":true,"href":"https:\/\/projectes.xtec.cat\/convivenciapositiva\/wp-json\/wp\/v2\/categories?post=9317"},{"taxonomy":"post_tag","embeddable":true,"href":"https:\/\/projectes.xtec.cat\/convivenciapositiva\/wp-json\/wp\/v2\/tags?post=9317"}],"curies":[{"name":"wp","href":"https:\/\/api.w.org\/{rel}","templated":true}]}}