{"id":9441,"date":"2023-10-11T09:45:56","date_gmt":"2023-10-11T07:45:56","guid":{"rendered":"https:\/\/projectes.xtec.cat\/convivenciapositiva\/?p=9441"},"modified":"2023-10-11T09:45:56","modified_gmt":"2023-10-11T07:45:56","slug":"i-jornada-pmoe-proa-oportunitats-per-a-lexit-educatiu","status":"publish","type":"post","link":"https:\/\/projectes.xtec.cat\/convivenciapositiva\/portada\/i-jornada-pmoe-proa-oportunitats-per-a-lexit-educatiu\/","title":{"rendered":"I Jornada PMOE PROA+ &#8220;+ Oportunitats per a l&#8217;\u00e8xit educatiu&#8221;"},"content":{"rendered":"<p><img loading=\"lazy\" decoding=\"async\" class=\"wp-image-9442 size-full alignright\" style=\"border: none; color: #2795b6;\" src=\"https:\/\/projectes.xtec.cat\/convivenciapositiva\/wp-content\/uploads\/usu2198\/2023\/10\/agenda-410x275-jornada-proa2.png_1637373458.png\" alt=\"\" width=\"410\" height=\"275\" srcset=\"https:\/\/projectes.xtec.cat\/convivenciapositiva\/wp-content\/uploads\/usu2198\/2023\/10\/agenda-410x275-jornada-proa2.png_1637373458.png 410w, https:\/\/projectes.xtec.cat\/convivenciapositiva\/wp-content\/uploads\/usu2198\/2023\/10\/agenda-410x275-jornada-proa2.png_1637373458-300x201.png 300w\" sizes=\"auto, (max-width: 410px) 100vw, 410px\" \/><\/p>\n<p>Aquesta Jornada pret\u00e9n treure profit de la gran feina que estan fent els centres participants al Pla de millora d&#8217;oportunitats educatives PMOE PROA+<\/p>\n<p>Durant la Jornada es compartiran algunes pr\u00e0ctiques de refer\u00e8ncia i es reflexionar\u00e0 sobre la necessitat de seguir treballant per promoure un enfocament inclusiu i per garantir l&#8217;acc\u00e9s a m\u00e9s i millors oportunitats educatives, especialment de l&#8217;alumnat m\u00e9s vulnerable, amb l&#8217;objectiu de refor\u00e7ar l&#8217;equitat del sistema educatiu catal\u00e0.<\/p>\n<p>Us podeu inscriure mitjan\u00e7ant aquest\u00a0<a title=\"formulari\" href=\"https:\/\/form.typeform.com\/to\/Z5mLtnj6?typeform-source=statics.teams.cdn.office.net\" target=\"_blank\" rel=\"noopener\"><strong>formulari<\/strong><\/a> (un m\u00e0xim de dues persones per centre).<\/p>\n<p>Aquesta activitat t\u00e9 el reconeixement del Departament d&#8217;Educaci\u00f3 (5 hores):\u00a0<a title=\"certificaci\u00f3\" href=\"https:\/\/aplicacions.gestioeducativa.gencat.cat\/pls\/soloas\/pk_for_mod_ins.p_for_detall_activitat?p_codi=9003050540&amp;p_curs=2023-2024&amp;p_es_inscr=S\" target=\"_blank\" rel=\"noopener\"><strong>certificaci\u00f3.<\/strong><\/a><\/p>\n<p>&nbsp;<\/p>\n","protected":false},"excerpt":{"rendered":"<p>Aquesta Jornada pret\u00e9n treure profit de la gran feina que estan fent els centres participants al Pla de millora d&#8217;oportunitats educatives PMOE PROA+<br \/>\nDurant la Jornada es compartiran algunes pr\u00e0ctiques de refer\u00e8ncia i es reflexionar\u00e0 sobre la necessitat de seguir treballant per promoure un enfocament inclusiu&hellip;  <a href=\"https:\/\/projectes.xtec.cat\/convivenciapositiva\/portada\/i-jornada-pmoe-proa-oportunitats-per-a-lexit-educatiu\/\" title=\"Read I Jornada PMOE PROA+ &#8220;+ Oportunitats per a l&#8217;\u00e8xit educatiu&#8221;\">Llegeix m\u00e9s\u00bb<\/a><\/p>\n","protected":false},"author":4,"featured_media":9442,"comment_status":"closed","ping_status":"closed","sticky":false,"template":"","format":"standard","meta":{"_bbp_topic_count":0,"_bbp_reply_count":0,"_bbp_total_topic_count":0,"_bbp_total_reply_count":0,"_bbp_voice_count":0,"_bbp_anonymous_reply_count":0,"_bbp_topic_count_hidden":0,"_bbp_reply_count_hidden":0,"_bbp_forum_subforum_count":0,"footnotes":""},"categories":[294,29,285],"tags":[],"class_list":["post-9441","post","type-post","status-publish","format-standard","has-post-thumbnail","hentry","category-equitat-educativa","category-portada","category-projecte-de-convivencia"],"post_mailing_queue_ids":[],"_links":{"self":[{"href":"https:\/\/projectes.xtec.cat\/convivenciapositiva\/wp-json\/wp\/v2\/posts\/9441","targetHints":{"allow":["GET"]}}],"collection":[{"href":"https:\/\/projectes.xtec.cat\/convivenciapositiva\/wp-json\/wp\/v2\/posts"}],"about":[{"href":"https:\/\/projectes.xtec.cat\/convivenciapositiva\/wp-json\/wp\/v2\/types\/post"}],"author":[{"embeddable":true,"href":"https:\/\/projectes.xtec.cat\/convivenciapositiva\/wp-json\/wp\/v2\/users\/4"}],"replies":[{"embeddable":true,"href":"https:\/\/projectes.xtec.cat\/convivenciapositiva\/wp-json\/wp\/v2\/comments?post=9441"}],"version-history":[{"count":2,"href":"https:\/\/projectes.xtec.cat\/convivenciapositiva\/wp-json\/wp\/v2\/posts\/9441\/revisions"}],"predecessor-version":[{"id":9444,"href":"https:\/\/projectes.xtec.cat\/convivenciapositiva\/wp-json\/wp\/v2\/posts\/9441\/revisions\/9444"}],"wp:featuredmedia":[{"embeddable":true,"href":"https:\/\/projectes.xtec.cat\/convivenciapositiva\/wp-json\/wp\/v2\/media\/9442"}],"wp:attachment":[{"href":"https:\/\/projectes.xtec.cat\/convivenciapositiva\/wp-json\/wp\/v2\/media?parent=9441"}],"wp:term":[{"taxonomy":"category","embeddable":true,"href":"https:\/\/projectes.xtec.cat\/convivenciapositiva\/wp-json\/wp\/v2\/categories?post=9441"},{"taxonomy":"post_tag","embeddable":true,"href":"https:\/\/projectes.xtec.cat\/convivenciapositiva\/wp-json\/wp\/v2\/tags?post=9441"}],"curies":[{"name":"wp","href":"https:\/\/api.w.org\/{rel}","templated":true}]}}