{"id":9456,"date":"2023-11-06T13:03:54","date_gmt":"2023-11-06T12:03:54","guid":{"rendered":"https:\/\/projectes.xtec.cat\/convivenciapositiva\/?p=9456"},"modified":"2023-11-06T13:03:54","modified_gmt":"2023-11-06T12:03:54","slug":"concurs-de-hip-hop-per-la-pau","status":"publish","type":"post","link":"https:\/\/projectes.xtec.cat\/convivenciapositiva\/portada\/concurs-de-hip-hop-per-la-pau\/","title":{"rendered":"Concurs de Hip-hop per la Pau"},"content":{"rendered":"<h2 class=\"elementor-heading-title elementor-size-default\">Oberta la convocat\u00f2ria de la 8ena edici\u00f3 del concurs<\/h2>\n<p>El Concurs ICIP de Hip-hop per la Pau t\u00e9 per objectiu donar visibilitat al comprom\u00eds i la creativitat dels joves en l\u2019\u00e0mbit de la cultura de pau. S\u2019adre\u00e7a a noies i nois de Catalunya interessats en reflexionar sobre la pau, la noviol\u00e8ncia i els drets humans a trav\u00e9s de la m\u00fasica.<\/p>\n<p><iframe loading=\"lazy\" title=\"YouTube video player\" src=\"https:\/\/www.youtube.com\/embed\/MszjZyGMtP8?si=u41B6pT37oJf8rkS\" width=\"560\" height=\"315\" frameborder=\"0\" allowfullscreen=\"allowfullscreen\"><\/iframe><\/p>\n<p>El concurs t\u00e9 dues modalitats:<\/p>\n<ul>\n<li>en la primera, s\u2019hi poden presentar estudiants d\u2019Educaci\u00f3 Secund\u00e0ria Obligat\u00f2ria, formaci\u00f3 professional o Batxillerat de Catalunya<\/li>\n<li>en la segona modalitat, s\u2019hi poden presentar nois i noies d\u2019entre 12 i 25 anys vinculats a centres i entitats juvenils, cultural, c\u00edviques o d\u2019acci\u00f3 socioeducativa de Catalunya.<\/li>\n<\/ul>\n<p>La lletra de les can\u00e7ons ha d\u2019estar relacionada amb la cr\u00edtica de la viol\u00e8ncia, la den\u00fancia de violacions de drets humans, la solidaritat amb persones atrapades o que fugen de conflictes armats, la reivindicaci\u00f3 de les difer\u00e8ncies, la conviv\u00e8ncia o el paper dels joves en la construcci\u00f3 de pau.<\/p>\n<p>Consulta tota la <a href=\"https:\/\/www.icip.cat\/ca\/premi-icip-hip-hop-per-la-pau\/\" target=\"_blank\" rel=\"noopener\">informaci\u00f3 aqu\u00ed<\/a> i animeu-vos a participar!<\/p>\n","protected":false},"excerpt":{"rendered":"<p>Oberta la convocat\u00f2ria de la 8ena edici\u00f3 del concurs<br \/>\nEl Concurs ICIP de Hip-hop per la Pau t\u00e9 per objectiu donar visibilitat al comprom\u00eds i la creativitat dels joves en l\u2019\u00e0mbit de la cultura de pau. S\u2019adre\u00e7a a noies i nois de Catalunya interessats en reflexionar&hellip;  <a href=\"https:\/\/projectes.xtec.cat\/convivenciapositiva\/portada\/concurs-de-hip-hop-per-la-pau\/\" title=\"Read Concurs de Hip-hop per la Pau\">Llegeix m\u00e9s\u00bb<\/a><\/p>\n","protected":false},"author":4,"featured_media":8801,"comment_status":"closed","ping_status":"closed","sticky":false,"template":"","format":"standard","meta":{"_bbp_topic_count":0,"_bbp_reply_count":0,"_bbp_total_topic_count":0,"_bbp_total_reply_count":0,"_bbp_voice_count":0,"_bbp_anonymous_reply_count":0,"_bbp_topic_count_hidden":0,"_bbp_reply_count_hidden":0,"_bbp_forum_subforum_count":0,"footnotes":""},"categories":[286,292,29,291,285],"tags":[],"class_list":["post-9456","post","type-post","status-publish","format-standard","has-post-thumbnail","hentry","category-aquiproubullying","category-enfocament-restauratiu","category-portada","category-prevencio-violencia-masclista","category-projecte-de-convivencia"],"post_mailing_queue_ids":[],"_links":{"self":[{"href":"https:\/\/projectes.xtec.cat\/convivenciapositiva\/wp-json\/wp\/v2\/posts\/9456","targetHints":{"allow":["GET"]}}],"collection":[{"href":"https:\/\/projectes.xtec.cat\/convivenciapositiva\/wp-json\/wp\/v2\/posts"}],"about":[{"href":"https:\/\/projectes.xtec.cat\/convivenciapositiva\/wp-json\/wp\/v2\/types\/post"}],"author":[{"embeddable":true,"href":"https:\/\/projectes.xtec.cat\/convivenciapositiva\/wp-json\/wp\/v2\/users\/4"}],"replies":[{"embeddable":true,"href":"https:\/\/projectes.xtec.cat\/convivenciapositiva\/wp-json\/wp\/v2\/comments?post=9456"}],"version-history":[{"count":2,"href":"https:\/\/projectes.xtec.cat\/convivenciapositiva\/wp-json\/wp\/v2\/posts\/9456\/revisions"}],"predecessor-version":[{"id":9458,"href":"https:\/\/projectes.xtec.cat\/convivenciapositiva\/wp-json\/wp\/v2\/posts\/9456\/revisions\/9458"}],"wp:featuredmedia":[{"embeddable":true,"href":"https:\/\/projectes.xtec.cat\/convivenciapositiva\/wp-json\/wp\/v2\/media\/8801"}],"wp:attachment":[{"href":"https:\/\/projectes.xtec.cat\/convivenciapositiva\/wp-json\/wp\/v2\/media?parent=9456"}],"wp:term":[{"taxonomy":"category","embeddable":true,"href":"https:\/\/projectes.xtec.cat\/convivenciapositiva\/wp-json\/wp\/v2\/categories?post=9456"},{"taxonomy":"post_tag","embeddable":true,"href":"https:\/\/projectes.xtec.cat\/convivenciapositiva\/wp-json\/wp\/v2\/tags?post=9456"}],"curies":[{"name":"wp","href":"https:\/\/api.w.org\/{rel}","templated":true}]}}