{"id":10279,"date":"2022-09-20T21:19:00","date_gmt":"2022-09-20T19:19:00","guid":{"rendered":"https:\/\/projectes.xtec.cat\/digital\/?p=10279"},"modified":"2023-03-06T22:07:04","modified_gmt":"2023-03-06T21:07:04","slug":"comenca-el-desplegament-dels-armaris-de-recarrega","status":"publish","type":"post","link":"https:\/\/projectes.xtec.cat\/digital\/noticies\/equipaments\/comenca-el-desplegament-dels-armaris-de-recarrega\/","title":{"rendered":"Comen\u00e7a el desplegament dels armaris de rec\u00e0rrega"},"content":{"rendered":"\n<p>La dotaci\u00f3 d&#8217;armaris d&#8217;emmagatzematge i rec\u00e0rrega d&#8217;ordinadors port\u00e0tils del Pla d&#8217;Educaci\u00f3 Digital de Catalunya s&#8217;emmarca en les actuacions del programa estatal &#8220;Educa en Digital&#8221;, que compta amb el cofinan\u00e7ament dels Fons Europeus de Desenvolupament Regional (FEDER) i es desenvolupa mitjan\u00e7ant conveni entre el Departament d&#8217;Educaci\u00f3, el Ministeri d&#8217;Educaci\u00f3 i Formaci\u00f3 Professional i l&#8217;entitat estatal &#8220;Red.es&#8221;.<\/p>\n\n\n\n<div class=\"wp-block-image\"><figure class=\"aligncenter size-large is-resized\"><a href=\"https:\/\/projectes.xtec.cat\/digital\/wp-content\/uploads\/usu2317\/2022\/12\/Armaris-1.png\"><img loading=\"lazy\" decoding=\"async\" src=\"https:\/\/projectes.xtec.cat\/digital\/wp-content\/uploads\/usu2317\/2022\/12\/Armaris-1.png\" alt=\"\" class=\"wp-image-10280\" width=\"442\" height=\"194\" srcset=\"https:\/\/projectes.xtec.cat\/digital\/wp-content\/uploads\/usu2317\/2022\/12\/Armaris-1.png 670w, https:\/\/projectes.xtec.cat\/digital\/wp-content\/uploads\/usu2317\/2022\/12\/Armaris-1-300x132.png 300w\" sizes=\"auto, (max-width: 442px) 100vw, 442px\" \/><\/a><figcaption>Armaris de rec\u00e0rrega del programa &#8220;Educa en digital&#8221;<\/figcaption><\/figure><\/div>\n\n\n\n<p>El nombre d&#8217;armaris assignat a cada centre s&#8217;ha calculat tenint en compte les respostes a l&#8217;enquesta de detecci\u00f3 de necessitats feta durant el mes de mar\u00e7 de 2022, ajustat a les unitats finalment disponibles del programa &#8220;Educa en Digital&#8221;.<\/p>\n\n\n\n<p>L&#8217;adjudicatari del servei \u00e9s l&#8217;empresa APD, i es comunica amb els centres educatius mitjan\u00e7ant l&#8217;adre\u00e7a de correu <strong>educaendigitalcat.armarios@red.es<\/strong>. Durant el per\u00edode de garantia, el SAU del Departament d&#8217;Educaci\u00f3 actuar\u00e0 \u00fanicament com a intermediari entre els centres educatius i l&#8217;empresa adjudicat\u00e0ria per tramitar possibles incid\u00e8ncies de mal funcionament dels equips.<\/p>\n\n\n\n<h3 class=\"wp-block-heading\">Caracter\u00edstiques<\/h3>\n\n\n\n<ul class=\"wp-block-list\"><li>Capacitat m\u00e0xima: 32 ordinadors port\u00e0tils amb els seus carregadors.<\/li><li>Temporitzador digital que permet programar els horaris de c\u00e0rrega.<\/li><li>Tancament de portes amb pany. El prove\u00efdor subministrar\u00e0 dues c\u00f2pies de cada clau al centre.<\/li><li>Dimensions: 830 mm (al\u00e7ada) x 946 mm (amplada) x 595 mm (fons)<\/li><li>Pes: 70 kg (buit)<\/li><li>Longitud del cable de connexi\u00f3 a la xarxa el\u00e8ctrica: 2 m<\/li><\/ul>\n\n\n\n<p>Per a m\u00e9s detalls sobre les caracter\u00edstiques dels armaris i el funcionament del programador digital de c\u00e0rrega, consulteu la <a href=\"https:\/\/projectes.xtec.cat\/edc\/wp-content\/uploads\/usu2268\/2022\/09\/Instruccions_basiques_armaris_v4.1.pdf\">Guia breu<\/a> o el <a href=\"https:\/\/projectes.xtec.cat\/edc\/wp-content\/uploads\/usu2268\/2022\/09\/Manual_armarios_v4.5.pdf\">Manual d&#8217;\u00fas<\/a>.<\/p>\n\n\n\n<h3 class=\"wp-block-heading\">Documentaci\u00f3<\/h3>\n\n\n\n<ul class=\"wp-block-list\"><li><a href=\"https:\/\/projectes.xtec.cat\/edc\/wp-content\/uploads\/usu2268\/2022\/09\/Instruccions_basiques_armaris_v7.3.pdf\" target=\"_blank\" rel=\"noreferrer noopener\">Guia breu<\/a><\/li><li><a href=\"https:\/\/projectes.xtec.cat\/edc\/wp-content\/uploads\/usu2268\/2022\/09\/Manual_armarios_v4.5.pdf\" target=\"_blank\" rel=\"noreferrer noopener\">Manual d&#8217;\u00fas<\/a><\/li><li><a href=\"https:\/\/projectes.xtec.cat\/edc\/wp-content\/uploads\/usu2268\/2022\/09\/FAQ_armaris_v4.3.pdf\" target=\"_blank\" rel=\"noreferrer noopener\">Preguntes freq\u00fcents<\/a><\/li><\/ul>\n","protected":false},"excerpt":{"rendered":"<p>20.09.22 El nombre d&#8217;armaris assignat a cada centre s&#8217;ha calculat tenint en compte les respostes a l&#8217;enquesta de detecci\u00f3 de necessitats feta durant el mes de mar\u00e7 de 2022, ajustat a les unitats finalment disponibles del programa &#8220;Educa en Digital&#8221;.<\/p>\n","protected":false},"author":1,"featured_media":10280,"comment_status":"open","ping_status":"open","sticky":false,"template":"","format":"standard","meta":{"site-sidebar-layout":"default","site-content-layout":"","ast-site-content-layout":"","site-content-style":"default","site-sidebar-style":"default","ast-global-header-display":"","ast-banner-title-visibility":"","ast-main-header-display":"","ast-hfb-above-header-display":"","ast-hfb-below-header-display":"","ast-hfb-mobile-header-display":"","site-post-title":"","ast-breadcrumbs-content":"","ast-featured-img":"","footer-sml-layout":"","theme-transparent-header-meta":"","adv-header-id-meta":"","stick-header-meta":"","header-above-stick-meta":"","header-main-stick-meta":"","header-below-stick-meta":"","astra-migrate-meta-layouts":"default","ast-page-background-enabled":"default","ast-page-background-meta":{"desktop":{"background-color":"var(--ast-global-color-4)","background-image":"","background-repeat":"repeat","background-position":"center center","background-size":"auto","background-attachment":"scroll","background-type":"","background-media":"","overlay-type":"","overlay-color":"","overlay-opacity":"","overlay-gradient":""},"tablet":{"background-color":"","background-image":"","background-repeat":"repeat","background-position":"center center","background-size":"auto","background-attachment":"scroll","background-type":"","background-media":"","overlay-type":"","overlay-color":"","overlay-opacity":"","overlay-gradient":""},"mobile":{"background-color":"","background-image":"","background-repeat":"repeat","background-position":"center center","background-size":"auto","background-attachment":"scroll","background-type":"","background-media":"","overlay-type":"","overlay-color":"","overlay-opacity":"","overlay-gradient":""}},"ast-content-background-meta":{"desktop":{"background-color":"var(--ast-global-color-5)","background-image":"","background-repeat":"repeat","background-position":"center center","background-size":"auto","background-attachment":"scroll","background-type":"","background-media":"","overlay-type":"","overlay-color":"","overlay-opacity":"","overlay-gradient":""},"tablet":{"background-color":"var(--ast-global-color-5)","background-image":"","background-repeat":"repeat","background-position":"center center","background-size":"auto","background-attachment":"scroll","background-type":"","background-media":"","overlay-type":"","overlay-color":"","overlay-opacity":"","overlay-gradient":""},"mobile":{"background-color":"var(--ast-global-color-5)","background-image":"","background-repeat":"repeat","background-position":"center center","background-size":"auto","background-attachment":"scroll","background-type":"","background-media":"","overlay-type":"","overlay-color":"","overlay-opacity":"","overlay-gradient":""}},"footnotes":""},"categories":[433,454],"tags":[485],"class_list":["post-10279","post","type-post","status-publish","format-standard","has-post-thumbnail","hentry","category-equipaments","category-noticies","tag-ordinadors"],"post_mailing_queue_ids":[],"_links":{"self":[{"href":"https:\/\/projectes.xtec.cat\/digital\/wp-json\/wp\/v2\/posts\/10279","targetHints":{"allow":["GET"]}}],"collection":[{"href":"https:\/\/projectes.xtec.cat\/digital\/wp-json\/wp\/v2\/posts"}],"about":[{"href":"https:\/\/projectes.xtec.cat\/digital\/wp-json\/wp\/v2\/types\/post"}],"author":[{"embeddable":true,"href":"https:\/\/projectes.xtec.cat\/digital\/wp-json\/wp\/v2\/users\/1"}],"replies":[{"embeddable":true,"href":"https:\/\/projectes.xtec.cat\/digital\/wp-json\/wp\/v2\/comments?post=10279"}],"version-history":[{"count":2,"href":"https:\/\/projectes.xtec.cat\/digital\/wp-json\/wp\/v2\/posts\/10279\/revisions"}],"predecessor-version":[{"id":12231,"href":"https:\/\/projectes.xtec.cat\/digital\/wp-json\/wp\/v2\/posts\/10279\/revisions\/12231"}],"wp:featuredmedia":[{"embeddable":true,"href":"https:\/\/projectes.xtec.cat\/digital\/wp-json\/wp\/v2\/media\/10280"}],"wp:attachment":[{"href":"https:\/\/projectes.xtec.cat\/digital\/wp-json\/wp\/v2\/media?parent=10279"}],"wp:term":[{"taxonomy":"category","embeddable":true,"href":"https:\/\/projectes.xtec.cat\/digital\/wp-json\/wp\/v2\/categories?post=10279"},{"taxonomy":"post_tag","embeddable":true,"href":"https:\/\/projectes.xtec.cat\/digital\/wp-json\/wp\/v2\/tags?post=10279"}],"curies":[{"name":"wp","href":"https:\/\/api.w.org\/{rel}","templated":true}]}}