{"id":11178,"date":"2023-02-07T21:31:00","date_gmt":"2023-02-07T20:31:00","guid":{"rendered":"https:\/\/projectes.xtec.cat\/digital\/?p=11178"},"modified":"2023-03-06T22:07:03","modified_gmt":"2023-03-06T21:07:03","slug":"jpre23-xv-jornada-de-programacio-i-robotica-educatives","status":"publish","type":"post","link":"https:\/\/projectes.xtec.cat\/digital\/noticies\/formacio\/jpre23-xv-jornada-de-programacio-i-robotica-educatives\/","title":{"rendered":"#JPRE23: XV Jornada de programaci\u00f3 i rob\u00f2tica educatives"},"content":{"rendered":"\n<p><br>El dia&nbsp;<strong>20 de maig<\/strong> de 2023 se celebrar\u00e0 la&nbsp;XV edici\u00f3&nbsp;de la&nbsp;Jornada Programa, dedicada a l\u2019intercanvi d\u2019experi\u00e8ncies did\u00e0ctiques on s\u2019empren entorns de programaci\u00f3 i de rob\u00f2tica educativa.<\/p>\n\n\n\n<p>Aquesta trobada est\u00e0 especialment adre\u00e7ada als docents interessats en l\u2019\u00fas de la programaci\u00f3 i la rob\u00f2tica en els seus entorns d\u2019aula, per\u00f2 tamb\u00e9 est\u00e0 oberta a altres professionals interessats en la tem\u00e0tica. Tanmateix, des de fa dos anys, tamb\u00e9 participen alumnes, acompanyats pels seus professors, en la mostra de treballs fets per l\u2019alumnat.<\/p>\n\n\n\n<p>M\u00e9s informaci\u00f3: <\/p>\n\n\n\n<figure class=\"wp-block-embed is-type-wp-embed is-provider-jornada-programa wp-block-embed-jornada-programa\"><div class=\"wp-block-embed__wrapper\">\n<blockquote class=\"wp-embedded-content\" data-secret=\"wfgTVwQNbl\"><a href=\"https:\/\/blocs.xtec.cat\/jornadaprograma\/\">Jornada Programa<\/a><\/blockquote><iframe loading=\"lazy\" class=\"wp-embedded-content\" sandbox=\"allow-scripts\" security=\"restricted\" style=\"position: absolute; clip: rect(1px, 1px, 1px, 1px);\" title=\"&#8220;Jornada Programa&#8221; &#8212; Jornada Programa\" src=\"https:\/\/blocs.xtec.cat\/jornadaprograma\/embed\/#?secret=wfgTVwQNbl\" data-secret=\"wfgTVwQNbl\" width=\"500\" height=\"282\" frameborder=\"0\" marginwidth=\"0\" marginheight=\"0\" scrolling=\"no\"><\/iframe>\n<\/div><\/figure>\n","protected":false},"excerpt":{"rendered":"<p>El dia&nbsp;20 de maig de 2023 se celebrar\u00e0 la&nbsp;XV edici\u00f3&nbsp;de la&nbsp;Jornada Programa, dedicada a l\u2019intercanvi d\u2019experi\u00e8ncies did\u00e0ctiques on s\u2019empren entorns de programaci\u00f3 i de rob\u00f2tica educativa. Aquesta trobada est\u00e0 especialment adre\u00e7ada als docents interessats en l\u2019\u00fas de la programaci\u00f3 i la rob\u00f2tica en els seus entorns d\u2019aula, per\u00f2 tamb\u00e9 est\u00e0 oberta a altres professionals interessats [&hellip;]<\/p>\n","protected":false},"author":1,"featured_media":11179,"comment_status":"closed","ping_status":"open","sticky":false,"template":"","format":"standard","meta":{"site-sidebar-layout":"default","site-content-layout":"","ast-site-content-layout":"","site-content-style":"default","site-sidebar-style":"default","ast-global-header-display":"","ast-banner-title-visibility":"","ast-main-header-display":"","ast-hfb-above-header-display":"","ast-hfb-below-header-display":"","ast-hfb-mobile-header-display":"","site-post-title":"","ast-breadcrumbs-content":"","ast-featured-img":"","footer-sml-layout":"","theme-transparent-header-meta":"","adv-header-id-meta":"","stick-header-meta":"","header-above-stick-meta":"","header-main-stick-meta":"","header-below-stick-meta":"","astra-migrate-meta-layouts":"default","ast-page-background-enabled":"default","ast-page-background-meta":{"desktop":{"background-color":"var(--ast-global-color-4)","background-image":"","background-repeat":"repeat","background-position":"center center","background-size":"auto","background-attachment":"scroll","background-type":"","background-media":"","overlay-type":"","overlay-color":"","overlay-opacity":"","overlay-gradient":""},"tablet":{"background-color":"","background-image":"","background-repeat":"repeat","background-position":"center center","background-size":"auto","background-attachment":"scroll","background-type":"","background-media":"","overlay-type":"","overlay-color":"","overlay-opacity":"","overlay-gradient":""},"mobile":{"background-color":"","background-image":"","background-repeat":"repeat","background-position":"center center","background-size":"auto","background-attachment":"scroll","background-type":"","background-media":"","overlay-type":"","overlay-color":"","overlay-opacity":"","overlay-gradient":""}},"ast-content-background-meta":{"desktop":{"background-color":"var(--ast-global-color-5)","background-image":"","background-repeat":"repeat","background-position":"center center","background-size":"auto","background-attachment":"scroll","background-type":"","background-media":"","overlay-type":"","overlay-color":"","overlay-opacity":"","overlay-gradient":""},"tablet":{"background-color":"var(--ast-global-color-5)","background-image":"","background-repeat":"repeat","background-position":"center center","background-size":"auto","background-attachment":"scroll","background-type":"","background-media":"","overlay-type":"","overlay-color":"","overlay-opacity":"","overlay-gradient":""},"mobile":{"background-color":"var(--ast-global-color-5)","background-image":"","background-repeat":"repeat","background-position":"center center","background-size":"auto","background-attachment":"scroll","background-type":"","background-media":"","overlay-type":"","overlay-color":"","overlay-opacity":"","overlay-gradient":""}},"footnotes":""},"categories":[154],"tags":[461,462,449],"class_list":["post-11178","post","type-post","status-publish","format-standard","has-post-thumbnail","hentry","category-formacio","tag-jornada","tag-programacio","tag-robotica"],"post_mailing_queue_ids":[],"_links":{"self":[{"href":"https:\/\/projectes.xtec.cat\/digital\/wp-json\/wp\/v2\/posts\/11178","targetHints":{"allow":["GET"]}}],"collection":[{"href":"https:\/\/projectes.xtec.cat\/digital\/wp-json\/wp\/v2\/posts"}],"about":[{"href":"https:\/\/projectes.xtec.cat\/digital\/wp-json\/wp\/v2\/types\/post"}],"author":[{"embeddable":true,"href":"https:\/\/projectes.xtec.cat\/digital\/wp-json\/wp\/v2\/users\/1"}],"replies":[{"embeddable":true,"href":"https:\/\/projectes.xtec.cat\/digital\/wp-json\/wp\/v2\/comments?post=11178"}],"version-history":[{"count":2,"href":"https:\/\/projectes.xtec.cat\/digital\/wp-json\/wp\/v2\/posts\/11178\/revisions"}],"predecessor-version":[{"id":11181,"href":"https:\/\/projectes.xtec.cat\/digital\/wp-json\/wp\/v2\/posts\/11178\/revisions\/11181"}],"wp:featuredmedia":[{"embeddable":true,"href":"https:\/\/projectes.xtec.cat\/digital\/wp-json\/wp\/v2\/media\/11179"}],"wp:attachment":[{"href":"https:\/\/projectes.xtec.cat\/digital\/wp-json\/wp\/v2\/media?parent=11178"}],"wp:term":[{"taxonomy":"category","embeddable":true,"href":"https:\/\/projectes.xtec.cat\/digital\/wp-json\/wp\/v2\/categories?post=11178"},{"taxonomy":"post_tag","embeddable":true,"href":"https:\/\/projectes.xtec.cat\/digital\/wp-json\/wp\/v2\/tags?post=11178"}],"curies":[{"name":"wp","href":"https:\/\/api.w.org\/{rel}","templated":true}]}}