{"id":14271,"date":"2023-03-21T12:01:31","date_gmt":"2023-03-21T11:01:31","guid":{"rendered":"https:\/\/projectes.xtec.cat\/digital\/?p=14271"},"modified":"2023-11-16T20:50:12","modified_gmt":"2023-11-16T19:50:12","slug":"lliurament-dordinadors-windows-als-centres-educatius-en-el-marc-del-programa-educa-en-digital","status":"publish","type":"post","link":"https:\/\/projectes.xtec.cat\/digital\/noticies\/equipaments\/lliurament-dordinadors-windows-als-centres-educatius-en-el-marc-del-programa-educa-en-digital\/","title":{"rendered":"Lliurament d&#8217;ordinadors &#8220;Educa en Digital&#8221;"},"content":{"rendered":"\n<p><strong>21.03.23 <\/strong> Comen\u00e7a el lliurament d&#8217;equips Windows a l&#8217;alumnat de 5\u00e8, 6\u00e8 de prim\u00e0ria, 3r i 4t d&#8217;ESO pendents de regularitzar (increment de matr\u00edcula) i alumnat de Batxillerat en aquells centres on s&#8217;ha incrementat l\u00ednies. S&#8217;aprofita el lliurament per fer substitucions d&#8217;equips pendents de reparaci\u00f3 (amb la incid\u00e8ncia degudament notificada a SAU). S&#8217;ha enviat el seg\u00fcent comunicat als centres que encaixen amb els criteris de lliurament: <\/p>\n\n\n\n<div class=\"wp-block-getwid-section alignfull alignfull\"><div class=\"wp-block-getwid-section__wrapper\"><div class=\"wp-block-getwid-section__inner-wrapper\"><div class=\"wp-block-getwid-section__background-holder\"><div class=\"wp-block-getwid-section__background has-background has-ast-global-color-4-background-color\"><\/div><div class=\"wp-block-getwid-section__foreground\"><\/div><\/div><div class=\"wp-block-getwid-section__content\"><div class=\"wp-block-getwid-section__inner-content\">\n<p>Benvolguda directora,<\/p>\n\n\n\n<p>Benvolgut director,<\/p>\n\n\n\n<p>Us comuniquem que pr\u00f2ximament s\u2019iniciar\u00e0 el lliurament als centres educatius d\u2019ordinadors port\u00e0tils amb sistema operatiu Windows provinents del programa \u201cEduca en Digital\u201d.<\/p>\n\n\n\n<p>\u201cEduca en Digital\u201d \u00e9s una iniciativa de Red.es, entitat p\u00fablica empresarial adscrita al Ministeri d\u2019Afers Econ\u00f2mics i Transformaci\u00f3 Digital, mitjan\u00e7ant la Secretaria d\u2019Estat de Digitalitzaci\u00f3 i Intel\u00b7lig\u00e8ncia Artificial en col\u00b7laboraci\u00f3 amb el Ministeri d\u2019Educaci\u00f3 i Formaci\u00f3 Professional i les Comunitats Aut\u00f2nomes, que compta amb el cofinan\u00e7ament dels Fons Europeus de Desenvolupament Regional (FEDER).<\/p>\n\n\n\n<p>Aquesta actuaci\u00f3 s\u2019engloba en les actuacions del Pla d\u2019Educaci\u00f3 Digital de Catalunya 2020-2023.<\/p>\n\n\n\n<p><strong>Podeu consultar el nombre d\u2019equips assignats al vostre centre a la pestanya Desplegaments de l\u2019aplicaci\u00f3&nbsp;<a href=\"https:\/\/pladigitalcentres.educacio.gencat.cat\/\">\u00cdNDIC<\/a>.<\/strong><\/p>\n\n\n\n<p>Veureu que els equips desplegats en aquesta operaci\u00f3 porten l\u2019etiqueta \u201c<em>Port\u00e0tils REDES 22-23<\/em>\u201d i corresponen a tres actuacions diferents:<\/p>\n\n\n\n<ol class=\"wp-block-list\"><li><strong>Equips pendents de substituci\u00f3 amb incid\u00e8ncia oberta al&nbsp;<a href=\"https:\/\/espai.educacio.gencat.cat\/Recursos\/Solucions-suport-TIC\/SAU-Servei-atencio-usuari\/Pagines\/default.aspx\">SAU<\/a>&nbsp;abans del 20 de gener de 2023<\/strong><br>A \u00cdNDIC es mostra el codi d\u2019incid\u00e8ncia associat a cada equip amb l\u2019etiqueta \u201c<em>Retirada equipament 22-23<\/em>\u201d<br>La mateixa persona que us lliurar\u00e0 els nous equips recollir\u00e0 tamb\u00e9 els equips afectats per incid\u00e8ncies obertes al&nbsp;<a href=\"https:\/\/espai.educacio.gencat.cat\/Recursos\/Solucions-suport-TIC\/SAU-Servei-atencio-usuari\/Pagines\/default.aspx\">SAU<\/a>. Cal que els tingueu preparats per a la recollida.<br><strong>IMPORTANT: \u00c9s imprescindible lliurar l\u2019equip avariat per rebre l\u2019equip de substituci\u00f3<\/strong><\/li><li><strong>Regularitzaci\u00f3 d\u2019equips Windows per a 5\u00e8 i 6\u00e8 de prim\u00e0ria i 3r i 4t d\u2019ESO<\/strong><br>S\u2019envien els equips necessaris per cobrir l\u2019increment de matr\u00edcula oficial registrada en aquests nivells educatius.<\/li><li><strong>Necessitats declarades pels centres educatius que han incrementat l\u00ednies de batxillerat el curs 2022\/23<\/strong><br>S\u2019envien els equips sol\u00b7licitats en el q\u00fcestionari de detecci\u00f3 de necessitats que van respondre els centres afectats.<\/li><\/ol>\n\n\n\n<p>Pr\u00f2ximament, el prove\u00efdor es posar\u00e0 en contacte amb vosaltres per tal de pactar la data i l\u2019hora per al desplegament dels ordinadors port\u00e0tils. El prove\u00efdor enviar\u00e0 les comunicacions des de l\u2019adre\u00e7a:&nbsp;<a href=\"mailto:EducaEnDigitalCAT_ordenadores@red.es\">EducaEnDigitalCAT_ordenadores@red.es<\/a><\/p>\n\n\n\n<p>Si el vostre centre no ha estat objecte de dotacions anteriors del programa \u201cEduca en Digital\u201d, i d\u2019acord amb la normativa dels fons europeus FEDER, l\u2019equip t\u00e8cnic&nbsp;<strong>penjar\u00e0 un cartell emmarcat del programa \u201cEduca en Digital\u201d &#8211; FEDER de 25&#215;25 cm<\/strong>&nbsp;en un lloc visible del centre. Els t\u00e8cnics disposaran de les eines necess\u00e0ries per penjar el cartell. Aquest cartell s\u2019ha de mantenir penjat fins a nou av\u00eds. Totes les actuacions finan\u00e7ades amb fons FEDER s\u00f3n objecte d\u2019auditories&nbsp;<em>in-situ<\/em>.<\/p>\n\n\n\n<p>El Departament d\u2019Educaci\u00f3 de la Generalitat de Catalunya ha posat a la vostra disposici\u00f3 el tel\u00e8fon&nbsp;<strong>900 100 195<\/strong>&nbsp;(opci\u00f3 1) per si hagu\u00e9ssiu de comunicar incid\u00e8ncies urgents en el proc\u00e9s previ a la configuraci\u00f3 i lliurament, com ara que no us hagin arribat els equips o els t\u00e8cnics en la data acordada, o situacions imprevistes de darrera hora que impedeixin dur a terme el lliurament el dia planificat.<\/p>\n\n\n\n<p>En cas de dubtes o consultes posteriors al desplegament, adreceu-vos al&nbsp;<a href=\"https:\/\/espai.educacio.gencat.cat\/Recursos\/Solucions-suport-TIC\/SAU-Servei-atencio-usuari\/Pagines\/default.aspx\">SAU<\/a>&nbsp;indicant que es tracta de l\u2019equipament del programa&nbsp;<em>Educa en Digital<\/em>.<\/p>\n\n\n\n<p>En acabar el lliurament dels equips, la Direcci\u00f3 del centre ha de signar l\u2019acta de finalitzaci\u00f3 del desplegament que li entregar\u00e0 l\u2019equip t\u00e8cnic.<\/p>\n\n\n\n<p>Salutacions cordials,<\/p>\n\n\n\n<p>\u00c0rea de Cultura Digital<\/p>\n\n\n\n<p>Departament d\u2019Educaci\u00f3<\/p>\n<\/div><\/div><\/div><\/div><\/div>\n\n\n\n<p>Podeu veure el calendari de regularitzaci\u00f3 i matr\u00edcula viva a <a href=\"https:\/\/projectes.xtec.cat\/digital\/equipaments-i-infraestructures\/ordinadors\/#desplegaments\" data-type=\"URL\" data-id=\"https:\/\/projectes.xtec.cat\/digital\/equipaments-i-infraestructures\/ordinadors\/#desplegaments\">Digital<\/a>. <\/p>\n","protected":false},"excerpt":{"rendered":"<p>21.03.23  Comen\u00e7a el lliurament d&#8217;equips Windows a l&#8217;alumnat de 5\u00e8, 6\u00e8 de prim\u00e0ria, 3r i 4t d&#8217;ESO pendents de regularitzar (increment de matr\u00edcula) i alumnat de Batxillerat en aquells centres on s&#8217;ha incrementat l\u00ednies. S&#8217;aprofita el lliurament per fer substitucions d&#8217;equips pendents de reparaci\u00f3 (amb la incid\u00e8ncia degudament notificada a SAU). <\/p>\n","protected":false},"author":1,"featured_media":14264,"comment_status":"closed","ping_status":"open","sticky":false,"template":"","format":"standard","meta":{"site-sidebar-layout":"default","site-content-layout":"","ast-site-content-layout":"","site-content-style":"default","site-sidebar-style":"default","ast-global-header-display":"","ast-banner-title-visibility":"","ast-main-header-display":"","ast-hfb-above-header-display":"","ast-hfb-below-header-display":"","ast-hfb-mobile-header-display":"","site-post-title":"","ast-breadcrumbs-content":"","ast-featured-img":"","footer-sml-layout":"","theme-transparent-header-meta":"","adv-header-id-meta":"","stick-header-meta":"","header-above-stick-meta":"","header-main-stick-meta":"","header-below-stick-meta":"","astra-migrate-meta-layouts":"default","ast-page-background-enabled":"default","ast-page-background-meta":{"desktop":{"background-color":"var(--ast-global-color-4)","background-image":"","background-repeat":"repeat","background-position":"center center","background-size":"auto","background-attachment":"scroll","background-type":"","background-media":"","overlay-type":"","overlay-color":"","overlay-opacity":"","overlay-gradient":""},"tablet":{"background-color":"","background-image":"","background-repeat":"repeat","background-position":"center center","background-size":"auto","background-attachment":"scroll","background-type":"","background-media":"","overlay-type":"","overlay-color":"","overlay-opacity":"","overlay-gradient":""},"mobile":{"background-color":"","background-image":"","background-repeat":"repeat","background-position":"center center","background-size":"auto","background-attachment":"scroll","background-type":"","background-media":"","overlay-type":"","overlay-color":"","overlay-opacity":"","overlay-gradient":""}},"ast-content-background-meta":{"desktop":{"background-color":"var(--ast-global-color-5)","background-image":"","background-repeat":"repeat","background-position":"center center","background-size":"auto","background-attachment":"scroll","background-type":"","background-media":"","overlay-type":"","overlay-color":"","overlay-opacity":"","overlay-gradient":""},"tablet":{"background-color":"var(--ast-global-color-5)","background-image":"","background-repeat":"repeat","background-position":"center center","background-size":"auto","background-attachment":"scroll","background-type":"","background-media":"","overlay-type":"","overlay-color":"","overlay-opacity":"","overlay-gradient":""},"mobile":{"background-color":"var(--ast-global-color-5)","background-image":"","background-repeat":"repeat","background-position":"center center","background-size":"auto","background-attachment":"scroll","background-type":"","background-media":"","overlay-type":"","overlay-color":"","overlay-opacity":"","overlay-gradient":""}},"footnotes":""},"categories":[433],"tags":[494,485,493],"class_list":["post-14271","post","type-post","status-publish","format-standard","has-post-thumbnail","hentry","category-equipaments","tag-educa-en-digital","tag-ordinadors","tag-redes"],"post_mailing_queue_ids":[],"_links":{"self":[{"href":"https:\/\/projectes.xtec.cat\/digital\/wp-json\/wp\/v2\/posts\/14271","targetHints":{"allow":["GET"]}}],"collection":[{"href":"https:\/\/projectes.xtec.cat\/digital\/wp-json\/wp\/v2\/posts"}],"about":[{"href":"https:\/\/projectes.xtec.cat\/digital\/wp-json\/wp\/v2\/types\/post"}],"author":[{"embeddable":true,"href":"https:\/\/projectes.xtec.cat\/digital\/wp-json\/wp\/v2\/users\/1"}],"replies":[{"embeddable":true,"href":"https:\/\/projectes.xtec.cat\/digital\/wp-json\/wp\/v2\/comments?post=14271"}],"version-history":[{"count":3,"href":"https:\/\/projectes.xtec.cat\/digital\/wp-json\/wp\/v2\/posts\/14271\/revisions"}],"predecessor-version":[{"id":18009,"href":"https:\/\/projectes.xtec.cat\/digital\/wp-json\/wp\/v2\/posts\/14271\/revisions\/18009"}],"wp:featuredmedia":[{"embeddable":true,"href":"https:\/\/projectes.xtec.cat\/digital\/wp-json\/wp\/v2\/media\/14264"}],"wp:attachment":[{"href":"https:\/\/projectes.xtec.cat\/digital\/wp-json\/wp\/v2\/media?parent=14271"}],"wp:term":[{"taxonomy":"category","embeddable":true,"href":"https:\/\/projectes.xtec.cat\/digital\/wp-json\/wp\/v2\/categories?post=14271"},{"taxonomy":"post_tag","embeddable":true,"href":"https:\/\/projectes.xtec.cat\/digital\/wp-json\/wp\/v2\/tags?post=14271"}],"curies":[{"name":"wp","href":"https:\/\/api.w.org\/{rel}","templated":true}]}}