{"id":15787,"date":"2023-05-19T19:52:45","date_gmt":"2023-05-19T17:52:45","guid":{"rendered":"https:\/\/projectes.xtec.cat\/digital\/?p=15787"},"modified":"2023-11-24T17:53:32","modified_gmt":"2023-11-24T16:53:32","slug":"sessio-6-de-la-subxarxa-de-competencia-digital-docent-cdd","status":"publish","type":"post","link":"https:\/\/projectes.xtec.cat\/digital\/noticies\/xtcd\/sessio-6-de-la-subxarxa-de-competencia-digital-docent-cdd\/","title":{"rendered":"Sessi\u00f3 6 de la subxarxa de Compet\u00e8ncia Digital Docent (CDD)"},"content":{"rendered":"\n<p>Ja est\u00e0 disponible la retransmissi\u00f3 de la sessi\u00f3 6 de la subxarxa de Compet\u00e8ncia digital docent (CDD) de la Xarxa territorial de Cultura Digital (XTCD). En aquesta sessi\u00f3 s&#8217;ofereixen recursos i projectes impulsats des de l&#8217;\u00c0rea de Cultura Digital pel foment del <strong>desenvolupament de la compet\u00e8ncia digital de l&#8217;alumnat<\/strong>, aix\u00ed com les formacions associades a aquests projectes. <\/p>\n\n\n\n<p>En concret es parla de:<\/p>\n\n\n\n<ul class=\"wp-block-list\"><li>Canal de reporters (educaci\u00f3 medi\u00e0tica, periodisme escolar, fonts fiables, esperit cr\u00edtic&#8230;)<\/li><li>Focus (comunicaci\u00f3 audiovisuals)<\/li><li>Pensament computacional, programaci\u00f3 i rob\u00f2tica, on es parla de propostes associades a les properes dotacions de rob\u00f2tica.<\/li><li>NewSpace (situacions d&#8217;aprenentatge aplicades a les missions espacials)<\/li><li>Mobile History Map (georeferenciaci\u00f3 com a recurs per desenvolupar la compet\u00e8ncia digital de l&#8217;alumnat)<\/li><\/ul>\n\n\n\n<div class=\"wp-block-buttons is-layout-flex wp-block-buttons-is-layout-flex\">\n<div class=\"wp-block-button is-style-outline is-style-outline--1\"><a class=\"wp-block-button__link\" href=\"https:\/\/projectes.xtec.cat\/xtcd\/sessio-6-area-6-desenvolupament-de-la-competencia-digital-de-lalumnat\/\" target=\"_blank\" rel=\"noreferrer noopener\">Veure la sessi\u00f3<\/a><\/div>\n<\/div>\n","protected":false},"excerpt":{"rendered":"<p>18.05.23 | En aquesta sessi\u00f3 s&#8217;ofereixen recursos i projectes impulsats des de l&#8217;\u00c0rea de Cultura Digital pel foment del desenvolupament de la compet\u00e8ncia digital de l&#8217;alumnat, aix\u00ed com les formacions associades a aquests projectes. <\/p>\n","protected":false},"author":1,"featured_media":15822,"comment_status":"closed","ping_status":"open","sticky":false,"template":"","format":"standard","meta":{"site-sidebar-layout":"default","site-content-layout":"","ast-site-content-layout":"","site-content-style":"default","site-sidebar-style":"default","ast-global-header-display":"","ast-banner-title-visibility":"","ast-main-header-display":"","ast-hfb-above-header-display":"","ast-hfb-below-header-display":"","ast-hfb-mobile-header-display":"","site-post-title":"","ast-breadcrumbs-content":"","ast-featured-img":"","footer-sml-layout":"","theme-transparent-header-meta":"","adv-header-id-meta":"","stick-header-meta":"","header-above-stick-meta":"","header-main-stick-meta":"","header-below-stick-meta":"","astra-migrate-meta-layouts":"default","ast-page-background-enabled":"default","ast-page-background-meta":{"desktop":{"background-color":"var(--ast-global-color-4)","background-image":"","background-repeat":"repeat","background-position":"center center","background-size":"auto","background-attachment":"scroll","background-type":"","background-media":"","overlay-type":"","overlay-color":"","overlay-opacity":"","overlay-gradient":""},"tablet":{"background-color":"","background-image":"","background-repeat":"repeat","background-position":"center center","background-size":"auto","background-attachment":"scroll","background-type":"","background-media":"","overlay-type":"","overlay-color":"","overlay-opacity":"","overlay-gradient":""},"mobile":{"background-color":"","background-image":"","background-repeat":"repeat","background-position":"center center","background-size":"auto","background-attachment":"scroll","background-type":"","background-media":"","overlay-type":"","overlay-color":"","overlay-opacity":"","overlay-gradient":""}},"ast-content-background-meta":{"desktop":{"background-color":"var(--ast-global-color-5)","background-image":"","background-repeat":"repeat","background-position":"center center","background-size":"auto","background-attachment":"scroll","background-type":"","background-media":"","overlay-type":"","overlay-color":"","overlay-opacity":"","overlay-gradient":""},"tablet":{"background-color":"var(--ast-global-color-5)","background-image":"","background-repeat":"repeat","background-position":"center center","background-size":"auto","background-attachment":"scroll","background-type":"","background-media":"","overlay-type":"","overlay-color":"","overlay-opacity":"","overlay-gradient":""},"mobile":{"background-color":"var(--ast-global-color-5)","background-image":"","background-repeat":"repeat","background-position":"center center","background-size":"auto","background-attachment":"scroll","background-type":"","background-media":"","overlay-type":"","overlay-color":"","overlay-opacity":"","overlay-gradient":""}},"footnotes":""},"categories":[691,690,454,470,498,444],"tags":[481,471,449,460,492],"class_list":["post-15787","post","type-post","status-publish","format-standard","has-post-thumbnail","hentry","category-canal-de-reporters","category-focus","category-noticies","category-projectes","category-robotica","category-xtcd","tag-audiovisuals","tag-cdd","tag-robotica","tag-steam","tag-xtcd"],"post_mailing_queue_ids":[],"_links":{"self":[{"href":"https:\/\/projectes.xtec.cat\/digital\/wp-json\/wp\/v2\/posts\/15787","targetHints":{"allow":["GET"]}}],"collection":[{"href":"https:\/\/projectes.xtec.cat\/digital\/wp-json\/wp\/v2\/posts"}],"about":[{"href":"https:\/\/projectes.xtec.cat\/digital\/wp-json\/wp\/v2\/types\/post"}],"author":[{"embeddable":true,"href":"https:\/\/projectes.xtec.cat\/digital\/wp-json\/wp\/v2\/users\/1"}],"replies":[{"embeddable":true,"href":"https:\/\/projectes.xtec.cat\/digital\/wp-json\/wp\/v2\/comments?post=15787"}],"version-history":[{"count":3,"href":"https:\/\/projectes.xtec.cat\/digital\/wp-json\/wp\/v2\/posts\/15787\/revisions"}],"predecessor-version":[{"id":15793,"href":"https:\/\/projectes.xtec.cat\/digital\/wp-json\/wp\/v2\/posts\/15787\/revisions\/15793"}],"wp:featuredmedia":[{"embeddable":true,"href":"https:\/\/projectes.xtec.cat\/digital\/wp-json\/wp\/v2\/media\/15822"}],"wp:attachment":[{"href":"https:\/\/projectes.xtec.cat\/digital\/wp-json\/wp\/v2\/media?parent=15787"}],"wp:term":[{"taxonomy":"category","embeddable":true,"href":"https:\/\/projectes.xtec.cat\/digital\/wp-json\/wp\/v2\/categories?post=15787"},{"taxonomy":"post_tag","embeddable":true,"href":"https:\/\/projectes.xtec.cat\/digital\/wp-json\/wp\/v2\/tags?post=15787"}],"curies":[{"name":"wp","href":"https:\/\/api.w.org\/{rel}","templated":true}]}}