{"id":21006,"date":"2023-12-19T17:06:53","date_gmt":"2023-12-19T16:06:53","guid":{"rendered":"https:\/\/projectes.xtec.cat\/digital\/?p=21006"},"modified":"2024-01-02T12:22:21","modified_gmt":"2024-01-02T11:22:21","slug":"conclusions-del-consells-escolar-sobre-lus-dels-mobils-a-les-aules","status":"publish","type":"post","link":"https:\/\/projectes.xtec.cat\/digital\/noticies\/portada\/conclusions-del-consells-escolar-sobre-lus-dels-mobils-a-les-aules\/","title":{"rendered":"Conclusions del consell escolar sobre l&#8217;\u00fas dels m\u00f2bils a les aules"},"content":{"rendered":"\n<p>El Consell Escolar de Catalunya (CEC) ha concl\u00f2s que el Departament d\u2019Educaci\u00f3 hauria d\u2019establir un marc general de regulaci\u00f3 de l\u2019\u00fas dels tel\u00e8fons m\u00f2bils que es pugui adaptar a la realitat de cada centre. \u00c9s la principal conclusi\u00f3 del proc\u00e9s participatiu que va engegar per indicaci\u00f3 de la consellera d\u2019Educaci\u00f3, Anna Sim\u00f3 Castell\u00f3, per abordar la regulaci\u00f3 d\u2019aquests dispositius, i que es va presentar al ple el passat 12 de desembre. Segons s\u2019ha acordat, el CEC continuar\u00e0 debatent sobre l\u2019\u00fas del m\u00f2bil, tot i que el Govern continuar\u00e0 amb el cam\u00ed previst en la regulaci\u00f3 dels dispositius a partir de l\u2019informe que s\u2019entregar\u00e0 formalment al Departament, un cop completa la funci\u00f3 de consulta i participaci\u00f3 que, estatut\u00e0riament, exerceix el ple.<\/p>\n\n\n\n<figure class=\"wp-block-image aligncenter size-large is-resized\"><a href=\"https:\/\/projectes.xtec.cat\/digital\/wp-content\/uploads\/usu2317\/2023\/12\/grupo-amigos-usando-smartphones-scaled.jpg\"><img loading=\"lazy\" decoding=\"async\" width=\"1024\" height=\"683\" src=\"https:\/\/projectes.xtec.cat\/digital\/wp-content\/uploads\/usu2317\/2023\/12\/grupo-amigos-usando-smartphones-1024x683.jpg\" alt=\"adolescents amb tel\u00e8fons m\u00f3bils\" class=\"wp-image-21008\" style=\"width:534px;height:356px\" srcset=\"https:\/\/projectes.xtec.cat\/digital\/wp-content\/uploads\/usu2317\/2023\/12\/grupo-amigos-usando-smartphones-1024x683.jpg 1024w, https:\/\/projectes.xtec.cat\/digital\/wp-content\/uploads\/usu2317\/2023\/12\/grupo-amigos-usando-smartphones-300x200.jpg 300w, https:\/\/projectes.xtec.cat\/digital\/wp-content\/uploads\/usu2317\/2023\/12\/grupo-amigos-usando-smartphones-768x513.jpg 768w, https:\/\/projectes.xtec.cat\/digital\/wp-content\/uploads\/usu2317\/2023\/12\/grupo-amigos-usando-smartphones-1536x1025.jpg 1536w, https:\/\/projectes.xtec.cat\/digital\/wp-content\/uploads\/usu2317\/2023\/12\/grupo-amigos-usando-smartphones-2048x1367.jpg 2048w\" sizes=\"auto, (max-width: 1024px) 100vw, 1024px\" \/><\/a><figcaption class=\"wp-element-caption\"><sub>Imatge de freepik<\/sub><\/figcaption><\/figure>\n\n\n\n<p>En aquest informe, es redactaran unes instruccions i uns criteris marc, que es faran arribar a tots els centres educatius durant el mes de gener. Durant els mesos seg\u00fcents, els centres educatius podran impulsar aquest debat amb les fam\u00edlies i regular l\u2019\u00fas del m\u00f2bil, d\u2019acord amb el marc establert pel Departament d\u2019Educaci\u00f3, que respectar\u00e0 els criteris marcats pel Consell Escolar de Catalunya.<\/p>\n\n\n\n<p>Per m\u00e9s informaci\u00f3 podeu clicar el seg\u00fcent enlla\u00e7:<\/p>\n\n\n\n<div class=\"wp-block-buttons is-horizontal is-content-justification-center is-layout-flex wp-container-core-buttons-is-layout-1 wp-block-buttons-is-layout-flex\">\n<div class=\"wp-block-button is-style-outline is-style-outline--1\"><a class=\"wp-block-button__link wp-element-button\" href=\"https:\/\/educacio.gencat.cat\/ca\/inici\/nota-premsa\/?id=578203\">M\u00e9s informaci\u00f3<\/a><\/div>\n<\/div>\n","protected":false},"excerpt":{"rendered":"<p>19.12.23. El Consell Escolar de Catalunya (CEC) ha concl\u00f2s que el Departament d\u2019Educaci\u00f3 hauria d\u2019establir un marc general de regulaci\u00f3 de l\u2019\u00fas dels tel\u00e8fons m\u00f2bils que es pugui adaptar a la realitat de cada centre. \u00c9s la principal conclusi\u00f3 del proc\u00e9s participatiu que va engegar per indicaci\u00f3 de la consellera d\u2019Educaci\u00f3, Anna Sim\u00f3 Castell\u00f3, per abordar la regulaci\u00f3 d\u2019aquests dispositius, i que es va presentar al ple el passat 12 de desembre. Segons s\u2019ha acordat, el CEC continuar\u00e0 debatent sobre l\u2019\u00fas del m\u00f2bil, tot i que el Govern seguir\u00e0 amb el cam\u00ed previst en la regulaci\u00f3 dels dispositius a partir de l\u2019informe que s\u2019entregar\u00e0 formalment al Departament, un cop complerta la funci\u00f3 de consulta i participaci\u00f3 que, estatut\u00e0riament, exerceix el ple.<\/p>\n","protected":false},"author":1,"featured_media":21008,"comment_status":"closed","ping_status":"open","sticky":false,"template":"","format":"standard","meta":{"site-sidebar-layout":"default","site-content-layout":"","ast-site-content-layout":"","site-content-style":"default","site-sidebar-style":"default","ast-global-header-display":"","ast-banner-title-visibility":"","ast-main-header-display":"","ast-hfb-above-header-display":"","ast-hfb-below-header-display":"","ast-hfb-mobile-header-display":"","site-post-title":"","ast-breadcrumbs-content":"","ast-featured-img":"","footer-sml-layout":"","theme-transparent-header-meta":"","adv-header-id-meta":"","stick-header-meta":"","header-above-stick-meta":"","header-main-stick-meta":"","header-below-stick-meta":"","astra-migrate-meta-layouts":"default","ast-page-background-enabled":"default","ast-page-background-meta":{"desktop":{"background-color":"var(--ast-global-color-4)","background-image":"","background-repeat":"repeat","background-position":"center center","background-size":"auto","background-attachment":"scroll","background-type":"","background-media":"","overlay-type":"","overlay-color":"","overlay-opacity":"","overlay-gradient":""},"tablet":{"background-color":"","background-image":"","background-repeat":"repeat","background-position":"center center","background-size":"auto","background-attachment":"scroll","background-type":"","background-media":"","overlay-type":"","overlay-color":"","overlay-opacity":"","overlay-gradient":""},"mobile":{"background-color":"","background-image":"","background-repeat":"repeat","background-position":"center center","background-size":"auto","background-attachment":"scroll","background-type":"","background-media":"","overlay-type":"","overlay-color":"","overlay-opacity":"","overlay-gradient":""}},"ast-content-background-meta":{"desktop":{"background-color":"var(--ast-global-color-5)","background-image":"","background-repeat":"repeat","background-position":"center center","background-size":"auto","background-attachment":"scroll","background-type":"","background-media":"","overlay-type":"","overlay-color":"","overlay-opacity":"","overlay-gradient":""},"tablet":{"background-color":"var(--ast-global-color-5)","background-image":"","background-repeat":"repeat","background-position":"center center","background-size":"auto","background-attachment":"scroll","background-type":"","background-media":"","overlay-type":"","overlay-color":"","overlay-opacity":"","overlay-gradient":""},"mobile":{"background-color":"var(--ast-global-color-5)","background-image":"","background-repeat":"repeat","background-position":"center center","background-size":"auto","background-attachment":"scroll","background-type":"","background-media":"","overlay-type":"","overlay-color":"","overlay-opacity":"","overlay-gradient":""}},"footnotes":""},"categories":[454,29],"tags":[720,721],"class_list":["post-21006","post","type-post","status-publish","format-standard","has-post-thumbnail","hentry","category-noticies","category-portada","tag-consell-escolar","tag-mobils"],"post_mailing_queue_ids":[],"_links":{"self":[{"href":"https:\/\/projectes.xtec.cat\/digital\/wp-json\/wp\/v2\/posts\/21006","targetHints":{"allow":["GET"]}}],"collection":[{"href":"https:\/\/projectes.xtec.cat\/digital\/wp-json\/wp\/v2\/posts"}],"about":[{"href":"https:\/\/projectes.xtec.cat\/digital\/wp-json\/wp\/v2\/types\/post"}],"author":[{"embeddable":true,"href":"https:\/\/projectes.xtec.cat\/digital\/wp-json\/wp\/v2\/users\/1"}],"replies":[{"embeddable":true,"href":"https:\/\/projectes.xtec.cat\/digital\/wp-json\/wp\/v2\/comments?post=21006"}],"version-history":[{"count":6,"href":"https:\/\/projectes.xtec.cat\/digital\/wp-json\/wp\/v2\/posts\/21006\/revisions"}],"predecessor-version":[{"id":21245,"href":"https:\/\/projectes.xtec.cat\/digital\/wp-json\/wp\/v2\/posts\/21006\/revisions\/21245"}],"wp:featuredmedia":[{"embeddable":true,"href":"https:\/\/projectes.xtec.cat\/digital\/wp-json\/wp\/v2\/media\/21008"}],"wp:attachment":[{"href":"https:\/\/projectes.xtec.cat\/digital\/wp-json\/wp\/v2\/media?parent=21006"}],"wp:term":[{"taxonomy":"category","embeddable":true,"href":"https:\/\/projectes.xtec.cat\/digital\/wp-json\/wp\/v2\/categories?post=21006"},{"taxonomy":"post_tag","embeddable":true,"href":"https:\/\/projectes.xtec.cat\/digital\/wp-json\/wp\/v2\/tags?post=21006"}],"curies":[{"name":"wp","href":"https:\/\/api.w.org\/{rel}","templated":true}]}}