{"id":31507,"date":"2024-11-11T15:06:17","date_gmt":"2024-11-11T14:06:17","guid":{"rendered":"https:\/\/projectes.xtec.cat\/digital\/?p=31507"},"modified":"2025-03-13T15:42:18","modified_gmt":"2025-03-13T14:42:18","slug":"segona-sessio-de-la-xarxa-territorial-de-cultura-digital-xtcd-del-curs-2024-25","status":"publish","type":"post","link":"https:\/\/projectes.xtec.cat\/digital\/noticies\/formacio\/segona-sessio-de-la-xarxa-territorial-de-cultura-digital-xtcd-del-curs-2024-25\/","title":{"rendered":"Segona sessi\u00f3 de la Xarxa territorial de Cultura Digital (XTCD) del curs 2024-25"},"content":{"rendered":"\n<p>El dijous 14.11.24, a les 17:30 es retransmetr\u00e0 la segona sessi\u00f3 de la Xarxa Territorial de Cultura Digital (XTCD):<\/p>\n\n\n\n<ul class=\"wp-block-list\">\n<li><strong>17:30<\/strong>\u00a0<a href=\"https:\/\/projectes.xtec.cat\/digital\/formacio-docent\/xtcd\/\" target=\"_blank\" rel=\"noreferrer noopener\">Part comuna<\/a>. Es centrar\u00e0 en tot el que envolta a la maleta audiovisual (dotaci\u00f3, documentaci\u00f3 disponible, formaci\u00f3 pedag\u00f2gica, etc) i en les mentories 4.0. <\/li>\n\n\n\n<li><strong>18:00<\/strong>\u00a0<a href=\"https:\/\/projectes.xtec.cat\/digital\/formacio-docent\/xtcd\/subxarxa-de-la-comissio-digital-comd\/\" target=\"_blank\" rel=\"noreferrer noopener\">Subxarxa de la comissi\u00f3 digital de centre<\/a>\u00a0(COMD): se centrar\u00e0 en el pensament computacional <strong>desendollat<\/strong>, que permet treballar el pensament computacional sense dispositius a infantil, prim\u00e0ria i secund\u00e0ria. <\/li>\n\n\n\n<li><strong>18:00<\/strong>\u00a0<a href=\"https:\/\/projectes.xtec.cat\/digital\/formacio-docent\/xtcd\/subxarxa-de-la-coordinacio-digital-de-centre-cdc\/\" target=\"_blank\" rel=\"noreferrer noopener\">Subxarxa de la coordinaci\u00f3 digital de centre<\/a>\u00a0(CDC): Nou control de navegaci\u00f3 pels equips del PEDC, nous formats de temes per Moodle i molts altres temes d&#8217;inter\u00e8s pels coordinadors i coordinadores digitals.<\/li>\n<\/ul>\n\n\n\n<p>Membres de les comissions digitals, coordinadors i coordinadores digitals, us hi esperem!<\/p>\n","protected":false},"excerpt":{"rendered":"<p>El dijous 14.11.24, a les 17:30 es retransmetr\u00e0 la segona sessi\u00f3 de la Xarxa Territorial de Cultura Digital (XTCD): Membres de les comissions digitals, coordinadors i coordinadores digitals, us hi esperem!<\/p>\n","protected":false},"author":1,"featured_media":21805,"comment_status":"closed","ping_status":"open","sticky":false,"template":"","format":"standard","meta":{"site-sidebar-layout":"default","site-content-layout":"","ast-site-content-layout":"default","site-content-style":"default","site-sidebar-style":"default","ast-global-header-display":"","ast-banner-title-visibility":"","ast-main-header-display":"","ast-hfb-above-header-display":"","ast-hfb-below-header-display":"","ast-hfb-mobile-header-display":"","site-post-title":"","ast-breadcrumbs-content":"","ast-featured-img":"","footer-sml-layout":"","theme-transparent-header-meta":"","adv-header-id-meta":"","stick-header-meta":"","header-above-stick-meta":"","header-main-stick-meta":"","header-below-stick-meta":"","astra-migrate-meta-layouts":"set","ast-page-background-enabled":"default","ast-page-background-meta":{"desktop":{"background-color":"var(--ast-global-color-4)","background-image":"","background-repeat":"repeat","background-position":"center center","background-size":"auto","background-attachment":"scroll","background-type":"","background-media":"","overlay-type":"","overlay-color":"","overlay-opacity":"","overlay-gradient":""},"tablet":{"background-color":"","background-image":"","background-repeat":"repeat","background-position":"center center","background-size":"auto","background-attachment":"scroll","background-type":"","background-media":"","overlay-type":"","overlay-color":"","overlay-opacity":"","overlay-gradient":""},"mobile":{"background-color":"","background-image":"","background-repeat":"repeat","background-position":"center center","background-size":"auto","background-attachment":"scroll","background-type":"","background-media":"","overlay-type":"","overlay-color":"","overlay-opacity":"","overlay-gradient":""}},"ast-content-background-meta":{"desktop":{"background-color":"var(--ast-global-color-5)","background-image":"","background-repeat":"repeat","background-position":"center center","background-size":"auto","background-attachment":"scroll","background-type":"","background-media":"","overlay-type":"","overlay-color":"","overlay-opacity":"","overlay-gradient":""},"tablet":{"background-color":"var(--ast-global-color-5)","background-image":"","background-repeat":"repeat","background-position":"center center","background-size":"auto","background-attachment":"scroll","background-type":"","background-media":"","overlay-type":"","overlay-color":"","overlay-opacity":"","overlay-gradient":""},"mobile":{"background-color":"var(--ast-global-color-5)","background-image":"","background-repeat":"repeat","background-position":"center center","background-size":"auto","background-attachment":"scroll","background-type":"","background-media":"","overlay-type":"","overlay-color":"","overlay-opacity":"","overlay-gradient":""}},"footnotes":""},"categories":[154,475,444],"tags":[485],"class_list":["post-31507","post","type-post","status-publish","format-standard","has-post-thumbnail","hentry","category-formacio","category-xarxa","category-xtcd","tag-ordinadors"],"post_mailing_queue_ids":[],"_links":{"self":[{"href":"https:\/\/projectes.xtec.cat\/digital\/wp-json\/wp\/v2\/posts\/31507","targetHints":{"allow":["GET"]}}],"collection":[{"href":"https:\/\/projectes.xtec.cat\/digital\/wp-json\/wp\/v2\/posts"}],"about":[{"href":"https:\/\/projectes.xtec.cat\/digital\/wp-json\/wp\/v2\/types\/post"}],"author":[{"embeddable":true,"href":"https:\/\/projectes.xtec.cat\/digital\/wp-json\/wp\/v2\/users\/1"}],"replies":[{"embeddable":true,"href":"https:\/\/projectes.xtec.cat\/digital\/wp-json\/wp\/v2\/comments?post=31507"}],"version-history":[{"count":1,"href":"https:\/\/projectes.xtec.cat\/digital\/wp-json\/wp\/v2\/posts\/31507\/revisions"}],"predecessor-version":[{"id":31508,"href":"https:\/\/projectes.xtec.cat\/digital\/wp-json\/wp\/v2\/posts\/31507\/revisions\/31508"}],"wp:featuredmedia":[{"embeddable":true,"href":"https:\/\/projectes.xtec.cat\/digital\/wp-json\/wp\/v2\/media\/21805"}],"wp:attachment":[{"href":"https:\/\/projectes.xtec.cat\/digital\/wp-json\/wp\/v2\/media?parent=31507"}],"wp:term":[{"taxonomy":"category","embeddable":true,"href":"https:\/\/projectes.xtec.cat\/digital\/wp-json\/wp\/v2\/categories?post=31507"},{"taxonomy":"post_tag","embeddable":true,"href":"https:\/\/projectes.xtec.cat\/digital\/wp-json\/wp\/v2\/tags?post=31507"}],"curies":[{"name":"wp","href":"https:\/\/api.w.org\/{rel}","templated":true}]}}